
{"id":22294,"date":"2012-11-25T11:29:06","date_gmt":"2012-11-25T14:29:06","guid":{"rendered":"http:\/\/www.sudoestehoje.com.br\/novoportal\/?p=22294"},"modified":"2012-11-25T11:29:06","modified_gmt":"2012-11-25T14:29:06","slug":"mensalao-cadeia-para-quadrilha-de-ze-dirceu-so-em-2014","status":"publish","type":"post","link":"https:\/\/www.sudoestehoje.com.br\/novoportal\/2012\/11\/25\/mensalao-cadeia-para-quadrilha-de-ze-dirceu-so-em-2014\/","title":{"rendered":"MENSAL\u00c3O: CADEIA PARA QUADRILHA DE Z\u00c9 DIRCEU S\u00d3 EM 2014"},"content":{"rendered":"<p><img decoding=\"async\" class=\"aligncenter\" src=\"http:\/\/www.fmjuventude.com.br\/arquivos\/images\/conteudo\/noticias\/231\/mensalao-julgamento-brasilia-20120803-67-size-598.jpg\" alt=\"\" width=\"400\" \/><\/p>\n<p>&nbsp;<\/p>\n<p>Ministros do STF projetam para a primeira semana de dezembro, ali pelos dias cinco ou seis, o encerramento do julgamento do mensal\u00e3o. Depois disso, abre-se um prazo para a publica\u00e7\u00e3o do ac\u00f3rd\u00e3o (s\u00e3o 60 dias sem contar o recesso) e dos recursos dos advogados. Isso significa dizer que o cap\u00edtulo final do mensal\u00e3o, com os condenados sendo de fato algemados e presos, est\u00e1 longe de ocorrer. A previs\u00e3o feita por um dos ministros \u00e9 que os condenados s\u00f3 v\u00e3o para tr\u00e1s das grades em 2014, coincidentemente, em mais um ano de elei\u00e7\u00f5es. O julgamento do mensal\u00e3o tucano, que tem como r\u00e9u o deputado Eduardo Azeredo (MG), ser\u00e1 no segundo semestre de 2013.<\/p>\n<p><em>Ilimar Franco (O Globo)<\/em><\/p>\n","protected":false},"excerpt":{"rendered":"<p>&nbsp; Ministros do STF projetam para a primeira semana de dezembro, ali pelos dias cinco ou seis, o encerramento do julgamento do mensal\u00e3o. Depois disso, abre-se um prazo para a publica\u00e7\u00e3o do ac\u00f3rd\u00e3o (s\u00e3o 60 dias sem contar o recesso) e dos recursos dos advogados. Isso significa dizer que o cap\u00edtulo final do mensal\u00e3o, com [&hellip;]<\/p>\n","protected":false},"author":2,"featured_media":0,"comment_status":"open","ping_status":"open","sticky":false,"template":"","format":"standard","meta":{"footnotes":"","_links_to":"","_links_to_target":""},"categories":[1],"tags":[],"class_list":["post-22294","post","type-post","status-publish","format-standard","hentry","category-geral"],"views":1201,"_links":{"self":[{"href":"https:\/\/www.sudoestehoje.com.br\/novoportal\/wp-json\/wp\/v2\/posts\/22294","targetHints":{"allow":["GET"]}}],"collection":[{"href":"https:\/\/www.sudoestehoje.com.br\/novoportal\/wp-json\/wp\/v2\/posts"}],"about":[{"href":"https:\/\/www.sudoestehoje.com.br\/novoportal\/wp-json\/wp\/v2\/types\/post"}],"author":[{"embeddable":true,"href":"https:\/\/www.sudoestehoje.com.br\/novoportal\/wp-json\/wp\/v2\/users\/2"}],"replies":[{"embeddable":true,"href":"https:\/\/www.sudoestehoje.com.br\/novoportal\/wp-json\/wp\/v2\/comments?post=22294"}],"version-history":[{"count":2,"href":"https:\/\/www.sudoestehoje.com.br\/novoportal\/wp-json\/wp\/v2\/posts\/22294\/revisions"}],"predecessor-version":[{"id":22296,"href":"https:\/\/www.sudoestehoje.com.br\/novoportal\/wp-json\/wp\/v2\/posts\/22294\/revisions\/22296"}],"wp:attachment":[{"href":"https:\/\/www.sudoestehoje.com.br\/novoportal\/wp-json\/wp\/v2\/media?parent=22294"}],"wp:term":[{"taxonomy":"category","embeddable":true,"href":"https:\/\/www.sudoestehoje.com.br\/novoportal\/wp-json\/wp\/v2\/categories?post=22294"},{"taxonomy":"post_tag","embeddable":true,"href":"https:\/\/www.sudoestehoje.com.br\/novoportal\/wp-json\/wp\/v2\/tags?post=22294"}],"curies":[{"name":"wp","href":"https:\/\/api.w.org\/{rel}","templated":true}]}}