
{"id":22254,"date":"2012-11-24T09:47:40","date_gmt":"2012-11-24T12:47:40","guid":{"rendered":"http:\/\/www.sudoestehoje.com.br\/novoportal\/?p=22254"},"modified":"2012-11-24T09:48:20","modified_gmt":"2012-11-24T12:48:20","slug":"historiador-ou-pedagogo","status":"publish","type":"post","link":"https:\/\/www.sudoestehoje.com.br\/novoportal\/2012\/11\/24\/historiador-ou-pedagogo\/","title":{"rendered":"HISTORIADOR OU PEDAGOGO?"},"content":{"rendered":"<p><img decoding=\"async\" class=\"aligncenter\" src=\"http:\/\/upload.wikimedia.org\/wikipedia\/commons\/thumb\/d\/da\/AGMA_H%C3%A9rodote.jpg\/225px-AGMA_H%C3%A9rodote.jpg\" alt=\"\" width=\"150\" \/>Li, em alguns blogs da cidade, a not\u00edcia de que o assessor de cultura Maur\u00edcio Gomes, na qualidade de <em>historiador<\/em>, vai ministrar aulas de\u00a0Hist\u00f3ria de Itapetinga para as pessoas que far\u00e3o o concurso da C\u00e2mara Municipal. A iniciativa pode at\u00e9 ser v\u00e1lida, por\u00e9m com uma ressalva: Maur\u00edcio Gomes n\u00e3o \u00e9 historiador, como tenta ostentar, apesar de ter publicado um livro sobre Itapetinga, onde incluiu personagens desconhecidos da nossa hist\u00f3ria, como o primeiro gerente da Azaleia, um dos seus patrocinadores. Embora o termo\u00a0<em>historiador<\/em>\u00a0 seja usado para descrever tanto os profissionais quanto os amadores da \u00e1rea, \u00e9 reservado para aqueles que obtiveram uma <em>gradua\u00e7\u00e3o acad\u00eamica<\/em>\u00a0na disciplina.\u00a0Mauricio, pelo que se sabe, tem forma\u00e7\u00e3o em<em> pedagogia<\/em>. A n\u00e3o ser que queira se equiparar a Her\u00f3doto (s\u00e9culo V a. C), um dos pais da hist\u00f3ria, que n\u00e3o cursou a universidade.<\/p>\n","protected":false},"excerpt":{"rendered":"<p>Li, em alguns blogs da cidade, a not\u00edcia de que o assessor de cultura Maur\u00edcio Gomes, na qualidade de historiador, vai ministrar aulas de\u00a0Hist\u00f3ria de Itapetinga para as pessoas que far\u00e3o o concurso da C\u00e2mara Municipal. A iniciativa pode at\u00e9 ser v\u00e1lida, por\u00e9m com uma ressalva: Maur\u00edcio Gomes n\u00e3o \u00e9 historiador, como tenta ostentar, apesar [&hellip;]<\/p>\n","protected":false},"author":2,"featured_media":0,"comment_status":"open","ping_status":"open","sticky":false,"template":"","format":"standard","meta":{"footnotes":"","_links_to":"","_links_to_target":""},"categories":[1,11],"tags":[],"class_list":["post-22254","post","type-post","status-publish","format-standard","hentry","category-geral","category-quentinhas"],"views":1449,"_links":{"self":[{"href":"https:\/\/www.sudoestehoje.com.br\/novoportal\/wp-json\/wp\/v2\/posts\/22254","targetHints":{"allow":["GET"]}}],"collection":[{"href":"https:\/\/www.sudoestehoje.com.br\/novoportal\/wp-json\/wp\/v2\/posts"}],"about":[{"href":"https:\/\/www.sudoestehoje.com.br\/novoportal\/wp-json\/wp\/v2\/types\/post"}],"author":[{"embeddable":true,"href":"https:\/\/www.sudoestehoje.com.br\/novoportal\/wp-json\/wp\/v2\/users\/2"}],"replies":[{"embeddable":true,"href":"https:\/\/www.sudoestehoje.com.br\/novoportal\/wp-json\/wp\/v2\/comments?post=22254"}],"version-history":[{"count":4,"href":"https:\/\/www.sudoestehoje.com.br\/novoportal\/wp-json\/wp\/v2\/posts\/22254\/revisions"}],"predecessor-version":[{"id":22258,"href":"https:\/\/www.sudoestehoje.com.br\/novoportal\/wp-json\/wp\/v2\/posts\/22254\/revisions\/22258"}],"wp:attachment":[{"href":"https:\/\/www.sudoestehoje.com.br\/novoportal\/wp-json\/wp\/v2\/media?parent=22254"}],"wp:term":[{"taxonomy":"category","embeddable":true,"href":"https:\/\/www.sudoestehoje.com.br\/novoportal\/wp-json\/wp\/v2\/categories?post=22254"},{"taxonomy":"post_tag","embeddable":true,"href":"https:\/\/www.sudoestehoje.com.br\/novoportal\/wp-json\/wp\/v2\/tags?post=22254"}],"curies":[{"name":"wp","href":"https:\/\/api.w.org\/{rel}","templated":true}]}}