
{"id":22247,"date":"2012-11-23T23:21:19","date_gmt":"2012-11-24T02:21:19","guid":{"rendered":"http:\/\/www.sudoestehoje.com.br\/novoportal\/?p=22247"},"modified":"2012-11-23T23:21:19","modified_gmt":"2012-11-24T02:21:19","slug":"itapetinga-camara-da-exemplo-de-transparencia-em-concurso-publico","status":"publish","type":"post","link":"https:\/\/www.sudoestehoje.com.br\/novoportal\/2012\/11\/23\/itapetinga-camara-da-exemplo-de-transparencia-em-concurso-publico\/","title":{"rendered":"ITAPETINGA: C\u00c2MARA D\u00c1 EXEMPLO DE TRANSPAR\u00caNCIA EM CONCURSO P\u00daBLICO"},"content":{"rendered":"<p><img decoding=\"async\" class=\"aligncenter\" src=\"http:\/\/1.bp.blogspot.com\/-GEEDKiKI1YU\/UI704tF1lfI\/AAAAAAAAHbw\/Z2RzEck4wOA\/s1600\/V%C3%81RIAS+114.jpg\" alt=\"\" width=\"400\" \/><\/p>\n<p style=\"text-align: center;\"><em>Mesa Diretora da C\u00e2mara Municipal de Itapetinga\u00a0<\/em><\/p>\n<p>&nbsp;<\/p>\n<p>O presidente da C\u00e2mara de Vereadores de Itapetinga, Jo\u00e3o de Deus da Silva Filho(PMDB), convidou a imprensa para uma entrevista coletiva na manh\u00e3 desta sexta \u2013 feira, 23, no audit\u00f3rio Ulisses Guimar\u00e3es para falar sobre o andamento do concurso p\u00fablico da Casa\u00a0 que vai ser realizado no m\u00eas que vem. Estiveram presentes, representantes da imprensa local, bem como os vereadores Jo\u00e3o de Deus( PMDB), Presidente da C\u00e2mara, Marcos Gabrielle(PT), vice- presidente e Fabiano Bahia(DEM), 1\u00ba Secret\u00e1rio. A coletiva foi transmitida ao vivo pela TV\u00a0Catol\u00e9 e R\u00e1dio Fasciana\u00e7\u00e3o.<\/p>\n<p>Jo\u00e3o de Deus come\u00e7ou falando a respeito do d\u00e9ficit de funcion\u00e1rios, citando que o efetivo da Casa conta apenas com nove funcion\u00e1rios, existindo assim um enorme d\u00e9ficit funcional. Segundo Jo\u00e3o de Deus o \u00faltimo concurso realizado foi 2002, ou seja, h\u00e1 10 anos atr\u00e1s. \u00a0Com isso foram criados mais 18 vagas, com sal\u00e1rios compat\u00edveis com o Or\u00e7amento da C\u00e2mara.<\/p>\n<p>Para a realiza\u00e7\u00e3o\u00a0do concurso A Mesa Diretora da C\u00e2mara preocupada no intuito de ter transpar\u00eancia na organiza\u00e7\u00e3o do concurso, formou uma Comiss\u00e3o Especial com representantes de v\u00e1rios setores da sociedade como o Rotary Clube, Ma\u00e7onaria, OAB e Sindicato do Servidores P\u00fablicos. \u00a0<!--more--><\/p>\n<p>Durante a coletiva, foi colocado \u00e0 imprensa e a popula\u00e7\u00e3o que foram enviadas cartas \u2013 convite para oito empresas que realizam concursos pelo pa\u00eds, foram elas: CESP, Funda\u00e7\u00e3o Carlos Chagas, AOCP, Consultec, CEFET, Funda\u00e7\u00e3o Get\u00falio Vargas e Universidade Estadual de Feira de Santana. Apenas duas empresas se apresentaram para participar do processo licitat\u00f3rio: a AOCP e a CEFET, onde a AOCP apresentou uma proposta mais vantajosa para a\u00a0<a href=\"http:\/\/www.itapetinganews.com\/site\/?sessao=noticia_ver&amp;id=6148#\" rel=\"nofollow\">Administra\u00e7\u00e3o<\/a>\u00a0P\u00fablica. Os envelopes foram abertos na presen\u00e7a dos representantes da sociedade, ocorrendo assim total lisura por parte da contrata\u00e7\u00e3o da AOCP, uma empresa do Paran\u00e1 que j\u00e1 organizou v\u00e1rios concursos em todo o pa\u00eds.<\/p>\n<p>Segundo a Mesa Diretora da C\u00e2mara esperava-se que haveria uma m\u00e9dia de 1.500 inscritos, por\u00e9m a quantidade de inscritos superou as expectativas chegando a 2117 candidatos aos cargos. O valor arrecadado com as inscri\u00e7\u00f5es tamb\u00e9m foi divulgado durante a coletiva, com as inscri\u00e7\u00f5es dos mais de dois mil candidatos, a C\u00e2mara arrecadou R$ 55. 724, 40.<\/p>\n<p><strong>Transpar\u00eancia<\/strong><\/p>\n<p>Esta Legislatura tem algo fora do comum comparado com as gest\u00f5es anteriores, com todo respeito \u00e0s pessoas que atuaram e se dispuseram a trabalhar pela popula\u00e7\u00e3o. Mas \u00e9 not\u00e1vel, digo de ser ver os avan\u00e7os, tanto em termos de gest\u00e3o, bem como de organiza\u00e7\u00e3o e zelo pelo bem p\u00fablico.<\/p>\n<p>Um avan\u00e7o enorme e muito significativo foi a aquisi\u00e7\u00e3o da sede pr\u00f3pria realizada pelo ent\u00e3o durante a gest\u00e3o anterior, na \u00e9poca o ent\u00e3o presidente era o ex-vereador Zildo Carvalho. J\u00e1 nesta gest\u00e3o que se iniciou com Marcos Gabrielle(PT), com a instala\u00e7\u00e3o da C\u00e2mara em sua sede pr\u00f3pria, zelou pela transpar\u00eancia e foi muito eficaz na gest\u00e3o dentro de suas limita\u00e7\u00f5es. A gest\u00e3o do atual presidente Jo\u00e3o de Deus (PMDB), tamb\u00e9m se destaca\u00a0 pelo zelo, valoriza\u00e7\u00e3o do servidor, transpar\u00eancia e responsabilidade na gest\u00e3o do dinheiro p\u00fablico, como por exemplo a devolu\u00e7\u00e3o em 2011 de mais de R$ 100 mil reais ao Executivo, o incentivo ao uso de novas tecnologias a servi\u00e7o de divulga\u00e7\u00e3o da atua\u00e7\u00e3o do Legislativo, constru\u00e7\u00e3o de banheiros, reforma da fachada da Casa Legislativa, aquisi\u00e7\u00e3o de um\u00a0<a href=\"http:\/\/www.itapetinganews.com\/site\/?sessao=noticia_ver&amp;id=6148#\" rel=\"nofollow\">ve\u00edculo<\/a>\u00a00KM, para ficar \u00e0 servi\u00e7o dos vereadores em viagens oficiais.<\/p>\n<p>A nova Legislatura que entrar\u00e1 em 2013 vai encontrar uma Casa \u201carrumada\u201d, para servir melhor \u00e0 popula\u00e7\u00e3o. \u00a0A comunidade s\u00f3 tem que agradecer e participar mais assiduamente dos trabalhos da C\u00e2mara.<\/p>\n<p><em>Itapetinga News<\/em><\/p>\n","protected":false},"excerpt":{"rendered":"<p>Mesa Diretora da C\u00e2mara Municipal de Itapetinga\u00a0 &nbsp; O presidente da C\u00e2mara de Vereadores de Itapetinga, Jo\u00e3o de Deus da Silva Filho(PMDB), convidou a imprensa para uma entrevista coletiva na manh\u00e3 desta sexta \u2013 feira, 23, no audit\u00f3rio Ulisses Guimar\u00e3es para falar sobre o andamento do concurso p\u00fablico da Casa\u00a0 que vai ser realizado no [&hellip;]<\/p>\n","protected":false},"author":2,"featured_media":0,"comment_status":"open","ping_status":"open","sticky":false,"template":"","format":"standard","meta":{"footnotes":"","_links_to":"","_links_to_target":""},"categories":[1],"tags":[],"class_list":["post-22247","post","type-post","status-publish","format-standard","hentry","category-geral"],"views":1363,"_links":{"self":[{"href":"https:\/\/www.sudoestehoje.com.br\/novoportal\/wp-json\/wp\/v2\/posts\/22247","targetHints":{"allow":["GET"]}}],"collection":[{"href":"https:\/\/www.sudoestehoje.com.br\/novoportal\/wp-json\/wp\/v2\/posts"}],"about":[{"href":"https:\/\/www.sudoestehoje.com.br\/novoportal\/wp-json\/wp\/v2\/types\/post"}],"author":[{"embeddable":true,"href":"https:\/\/www.sudoestehoje.com.br\/novoportal\/wp-json\/wp\/v2\/users\/2"}],"replies":[{"embeddable":true,"href":"https:\/\/www.sudoestehoje.com.br\/novoportal\/wp-json\/wp\/v2\/comments?post=22247"}],"version-history":[{"count":6,"href":"https:\/\/www.sudoestehoje.com.br\/novoportal\/wp-json\/wp\/v2\/posts\/22247\/revisions"}],"predecessor-version":[{"id":22253,"href":"https:\/\/www.sudoestehoje.com.br\/novoportal\/wp-json\/wp\/v2\/posts\/22247\/revisions\/22253"}],"wp:attachment":[{"href":"https:\/\/www.sudoestehoje.com.br\/novoportal\/wp-json\/wp\/v2\/media?parent=22247"}],"wp:term":[{"taxonomy":"category","embeddable":true,"href":"https:\/\/www.sudoestehoje.com.br\/novoportal\/wp-json\/wp\/v2\/categories?post=22247"},{"taxonomy":"post_tag","embeddable":true,"href":"https:\/\/www.sudoestehoje.com.br\/novoportal\/wp-json\/wp\/v2\/tags?post=22247"}],"curies":[{"name":"wp","href":"https:\/\/api.w.org\/{rel}","templated":true}]}}