
{"id":22243,"date":"2012-11-23T16:34:24","date_gmt":"2012-11-23T19:34:24","guid":{"rendered":"http:\/\/www.sudoestehoje.com.br\/novoportal\/?p=22243"},"modified":"2012-11-23T17:56:42","modified_gmt":"2012-11-23T20:56:42","slug":"mano-menezes-nao-e-mais-o-tecnico-da-selecao-brasileira","status":"publish","type":"post","link":"https:\/\/www.sudoestehoje.com.br\/novoportal\/2012\/11\/23\/mano-menezes-nao-e-mais-o-tecnico-da-selecao-brasileira\/","title":{"rendered":"MANO MENEZES N\u00c3O \u00c9 MAIS O T\u00c9CNICO DA SELE\u00c7\u00c3O BRASILEIRA"},"content":{"rendered":"<p><img decoding=\"async\" class=\"aligncenter\" src=\"http:\/\/l1.yimg.com\/bt\/api\/res\/1.2\/DtOLez6ZrI6IVz39WJT9IA--\/YXBwaWQ9eW5ld3M7Zmk9aW5zZXQ7aD0zMjk7cT04NTt3PTUxMg--\/http:\/\/l.yimg.com\/os\/274\/2012\/11\/23\/156808015-jpg_183902.jpg\" alt=\"Mano Menezes\" width=\"400\" \/><\/p>\n<p>&nbsp;<\/p>\n<p>Depois de dois anos e quatro meses de trabalho, Mano Menezes n\u00e3o \u00e9 mais t\u00e9cnico da Sele\u00e7\u00e3o Brasileira. Decis\u00e3o foi tomada ap\u00f3s reuni\u00e3o de dirigentes da CBF na Federa\u00e7\u00e3o Paulista de Futebol, em S\u00e3o Paulo.\u00a0Mano Menezes foi informado do desligamento do cargo logo ap\u00f3s o t\u00e9rmino da reuni\u00e3o e n\u00e3o ir\u00e1 se pronunciar sobre a demiss\u00e3o.\u00a0O novo t\u00e9cnico ser\u00e1 escolhido pela entidade apenas no in\u00edcio de janeiro: Tite, Muricy Ramalho e Felip\u00e3o est\u00e3o cotados.<\/p>\n","protected":false},"excerpt":{"rendered":"<p>&nbsp; Depois de dois anos e quatro meses de trabalho, Mano Menezes n\u00e3o \u00e9 mais t\u00e9cnico da Sele\u00e7\u00e3o Brasileira. Decis\u00e3o foi tomada ap\u00f3s reuni\u00e3o de dirigentes da CBF na Federa\u00e7\u00e3o Paulista de Futebol, em S\u00e3o Paulo.\u00a0Mano Menezes foi informado do desligamento do cargo logo ap\u00f3s o t\u00e9rmino da reuni\u00e3o e n\u00e3o ir\u00e1 se pronunciar sobre [&hellip;]<\/p>\n","protected":false},"author":2,"featured_media":0,"comment_status":"open","ping_status":"open","sticky":false,"template":"","format":"standard","meta":{"footnotes":"","_links_to":"","_links_to_target":""},"categories":[1],"tags":[],"class_list":["post-22243","post","type-post","status-publish","format-standard","hentry","category-geral"],"views":1099,"_links":{"self":[{"href":"https:\/\/www.sudoestehoje.com.br\/novoportal\/wp-json\/wp\/v2\/posts\/22243","targetHints":{"allow":["GET"]}}],"collection":[{"href":"https:\/\/www.sudoestehoje.com.br\/novoportal\/wp-json\/wp\/v2\/posts"}],"about":[{"href":"https:\/\/www.sudoestehoje.com.br\/novoportal\/wp-json\/wp\/v2\/types\/post"}],"author":[{"embeddable":true,"href":"https:\/\/www.sudoestehoje.com.br\/novoportal\/wp-json\/wp\/v2\/users\/2"}],"replies":[{"embeddable":true,"href":"https:\/\/www.sudoestehoje.com.br\/novoportal\/wp-json\/wp\/v2\/comments?post=22243"}],"version-history":[{"count":3,"href":"https:\/\/www.sudoestehoje.com.br\/novoportal\/wp-json\/wp\/v2\/posts\/22243\/revisions"}],"predecessor-version":[{"id":22246,"href":"https:\/\/www.sudoestehoje.com.br\/novoportal\/wp-json\/wp\/v2\/posts\/22243\/revisions\/22246"}],"wp:attachment":[{"href":"https:\/\/www.sudoestehoje.com.br\/novoportal\/wp-json\/wp\/v2\/media?parent=22243"}],"wp:term":[{"taxonomy":"category","embeddable":true,"href":"https:\/\/www.sudoestehoje.com.br\/novoportal\/wp-json\/wp\/v2\/categories?post=22243"},{"taxonomy":"post_tag","embeddable":true,"href":"https:\/\/www.sudoestehoje.com.br\/novoportal\/wp-json\/wp\/v2\/tags?post=22243"}],"curies":[{"name":"wp","href":"https:\/\/api.w.org\/{rel}","templated":true}]}}