
{"id":22240,"date":"2012-11-23T12:09:24","date_gmt":"2012-11-23T15:09:24","guid":{"rendered":"http:\/\/www.sudoestehoje.com.br\/novoportal\/?p=22240"},"modified":"2012-11-23T12:09:24","modified_gmt":"2012-11-23T15:09:24","slug":"maiquinique-contas-de-jesulino-porto-sao-reprovadas-pelo-tcm","status":"publish","type":"post","link":"https:\/\/www.sudoestehoje.com.br\/novoportal\/2012\/11\/23\/maiquinique-contas-de-jesulino-porto-sao-reprovadas-pelo-tcm\/","title":{"rendered":"MAIQUINIQUE: CONTAS DE JESULINO PORTO S\u00c3O REPROVADAS PELO TCM"},"content":{"rendered":"<p align=\"JUSTIFY\"><img decoding=\"async\" class=\"aligncenter\" src=\"http:\/\/2.bp.blogspot.com\/_aPw4VDoIB_Y\/TIThFDyrbCI\/AAAAAAAAW8k\/hRP31kKiaDk\/s1600\/jaques+wagner+pref+maiqui.jpg\" alt=\"\" width=\"400\" \/><\/p>\n<p align=\"JUSTIFY\">\n<p align=\"JUSTIFY\">Na sess\u00e3o da \u00faltima ter\u00e7a-feira (20\/11), o Tribunal de Contas dos Munic\u00edpios votou pela rejei\u00e7\u00e3o das contas da Prefeitura de\u00a0<a href=\"http:\/\/www.tcm.ba.gov.br\/Municipios.aspx?Id=313&amp;Cidade=MAIQUINIQUE\" target=\"_blank\">Maiquinique<\/a>, exerc\u00edcio financeiro de 2011, da responsabilidade de Jesulino de Souza Porto.<\/p>\n<p align=\"JUSTIFY\">A relatoria determinou formula\u00e7\u00e3o de representa\u00e7\u00e3o ao Minist\u00e9rio P\u00fablico Estadual, al\u00e9m de aplicar ao gestor a multa no valor de R$1.500,00, em face das irregularidades constantes no Relat\u00f3rio Anual e ressarcimento no valor de R$9.758,70, em fun\u00e7\u00e3o do pagamento de juros e multas por atraso de obriga\u00e7\u00f5es junto ao INSS, Telemar e a Receita Federal.<\/p>\n<p align=\"JUSTIFY\">Tamb\u00e9m, foi deliberada que a Administra\u00e7\u00e3o Municipal promova devolu\u00e7\u00e3o \u00e0 conta de origem do FUNDEB do valor de R$100.956,35, referente ao exerc\u00edcio em exame e \u00e0 conta do FUNDEF o valor de R$39.706,54, relativo ao exerc\u00edcio de 2006, j\u00e1 determinado em processo anterior, o TCM n\u00ba 08147-07, ainda n\u00e3o cumprido.<!--more--><\/p>\n<p align=\"JUSTIFY\">A receita arrecadada do Munic\u00edpio foi na ordem de R$12.974.245,7, sendo que as despesas realizadas foram de R$12.959.532,64, registrando-se um super\u00e1vit da ordem de<\/p>\n<p align=\"JUSTIFY\">R$14.713,07.<\/p>\n<p align=\"JUSTIFY\">O que mais pesou para a reprova\u00e7\u00e3o das contas foi o percentual da despesa com pessoal no exerc\u00edcio de 2011, na ordem de 55,82%, sendo violada a Lei de Responsabilidade Fiscal, que estabelece um m\u00e1ximo de 54%, mas foram dispendidos R$ 7.052.054,01 da receita l\u00edquida corrente de R$ 12.634.060,77, o que se configurou uma reincid\u00eancia j\u00e1 que il\u00edcitos id\u00eanticos foram registados nos exerc\u00edcios de 2009 e 2010.<\/p>\n<p align=\"JUSTIFY\">V\u00e1rias outras irregularidades foram comprovadas, destacando-se casos de procedimentos licitat\u00f3rios irregulares (R$619.000,00), al\u00e9m da realiza\u00e7\u00e3o de licita\u00e7\u00e3o em modalidade inadequada, em evidente desrespeito \u00e0s formalidades impositivas de que trata a Lei n\u00ba 8.666\/93, com ineg\u00e1veis repercuss\u00f5es negativas sobre o m\u00e9rito das contas do ente p\u00fablico.<\/p>\n<p align=\"JUSTIFY\">Quanto \u00e0s demais obriga\u00e7\u00f5es constitucionais, o prefeito comprovou apenas a aplica\u00e7\u00e3o de 24,73 %, quando o m\u00ednimo \u00e9 de 25%, mas atendeu as recomenda\u00e7\u00f5es na utiliza\u00e7\u00e3o de recursos do FUNDEB, para pagamento de profissionais no exerc\u00edcio do magist\u00e9rio, com 64,24%, e com os servi\u00e7os de Sa\u00fade, 15,49%.<\/p>\n<p align=\"JUSTIFY\">Ainda cabe recurso da decis\u00e3o.<\/p>\n<p align=\"JUSTIFY\"><a href=\"http:\/\/www.tcm.ba.gov.br\/docs\/maiquinique2311.pdf\" target=\"_blank\">\u00cdntegra do voto<\/a>\u00a0do relator das contas da Prefeitura de Maiquinique.<\/p>\n","protected":false},"excerpt":{"rendered":"<p>Na sess\u00e3o da \u00faltima ter\u00e7a-feira (20\/11), o Tribunal de Contas dos Munic\u00edpios votou pela rejei\u00e7\u00e3o das contas da Prefeitura de\u00a0Maiquinique, exerc\u00edcio financeiro de 2011, da responsabilidade de Jesulino de Souza Porto. A relatoria determinou formula\u00e7\u00e3o de representa\u00e7\u00e3o ao Minist\u00e9rio P\u00fablico Estadual, al\u00e9m de aplicar ao gestor a multa no valor de R$1.500,00, em face das [&hellip;]<\/p>\n","protected":false},"author":2,"featured_media":0,"comment_status":"open","ping_status":"open","sticky":false,"template":"","format":"standard","meta":{"footnotes":"","_links_to":"","_links_to_target":""},"categories":[1],"tags":[],"class_list":["post-22240","post","type-post","status-publish","format-standard","hentry","category-geral"],"views":1297,"_links":{"self":[{"href":"https:\/\/www.sudoestehoje.com.br\/novoportal\/wp-json\/wp\/v2\/posts\/22240","targetHints":{"allow":["GET"]}}],"collection":[{"href":"https:\/\/www.sudoestehoje.com.br\/novoportal\/wp-json\/wp\/v2\/posts"}],"about":[{"href":"https:\/\/www.sudoestehoje.com.br\/novoportal\/wp-json\/wp\/v2\/types\/post"}],"author":[{"embeddable":true,"href":"https:\/\/www.sudoestehoje.com.br\/novoportal\/wp-json\/wp\/v2\/users\/2"}],"replies":[{"embeddable":true,"href":"https:\/\/www.sudoestehoje.com.br\/novoportal\/wp-json\/wp\/v2\/comments?post=22240"}],"version-history":[{"count":2,"href":"https:\/\/www.sudoestehoje.com.br\/novoportal\/wp-json\/wp\/v2\/posts\/22240\/revisions"}],"predecessor-version":[{"id":22242,"href":"https:\/\/www.sudoestehoje.com.br\/novoportal\/wp-json\/wp\/v2\/posts\/22240\/revisions\/22242"}],"wp:attachment":[{"href":"https:\/\/www.sudoestehoje.com.br\/novoportal\/wp-json\/wp\/v2\/media?parent=22240"}],"wp:term":[{"taxonomy":"category","embeddable":true,"href":"https:\/\/www.sudoestehoje.com.br\/novoportal\/wp-json\/wp\/v2\/categories?post=22240"},{"taxonomy":"post_tag","embeddable":true,"href":"https:\/\/www.sudoestehoje.com.br\/novoportal\/wp-json\/wp\/v2\/tags?post=22240"}],"curies":[{"name":"wp","href":"https:\/\/api.w.org\/{rel}","templated":true}]}}