
{"id":22206,"date":"2012-11-22T09:25:32","date_gmt":"2012-11-22T12:25:32","guid":{"rendered":"http:\/\/www.sudoestehoje.com.br\/novoportal\/?p=22206"},"modified":"2012-11-22T09:25:32","modified_gmt":"2012-11-22T12:25:32","slug":"gilson-de-jesus-critica-exoneracao-de-rochinha-do-csu-2","status":"publish","type":"post","link":"https:\/\/www.sudoestehoje.com.br\/novoportal\/2012\/11\/22\/gilson-de-jesus-critica-exoneracao-de-rochinha-do-csu-2\/","title":{"rendered":"GILSON DE JESUS CRITICA EXONERA\u00c7\u00c3O DE ROCHINHA DO CSU"},"content":{"rendered":"<p style=\"text-align: center;\"><em>\u00a0Foto arquivo Sudoeste Hoje<\/em><img decoding=\"async\" class=\"aligncenter\" src=\"http:\/\/www.sudoestehoje.com.br\/novoportal\/wp-content\/uploads\/2012\/03\/GEDC0897.jpg\" alt=\"\" width=\"400\" \/><\/p>\n<p style=\"text-align: center;\"><em>Gilson protestou contra demiss\u00e3o de Rochinha<\/em><\/p>\n<p>&nbsp;<\/p>\n<p>ITAPETINGA: A noticia foi dada pelo vereador Gilson de Jesus (PC do B), durante a sess\u00e3o da C\u00e2mara de Vereadores nesta quarta\u2013feira(21). Segundo o vereador do PC do B, Ant\u00f4nio Rocha (Rochinha) foi exonerado da dire\u00e7\u00e3o do CSU \u00e0s escondidas, pelo governo do estado, a pedido da atual gest\u00e3o municipal. \u201cA prefeitura tem v\u00e1rios cargos do estado no munic\u00edpio. Para quem foi reeleito como o prefeito foi n\u00e3o precisa desse tipo de atitude\u201d, disse o vereador. Gilson de Jesus soltou o verbo e disse que vai questionar junto ao governador Jaques Wagner(PT), \u00a0e com o deputado Daniel Almeida(PC do B) para chamar a aten\u00e7\u00e3o sobre o assunto.<\/p>\n<p>\u201cQuero saber qual o compromisso que o governador t\u00eam com as pessoas que o apoiam\u00a0aqui em Itapetinga. Foi uma atitude pequena e mesquinha. N\u00e3o aceito a atitude que fizeram de tirar as escondidas o Rochinha do CSU\u201d, concluiu.\u00a0Gilson prometeu trazer mais uma vez \u00e0 tona o assunto assim que tiver a audi\u00eancia com o governador.<\/p>\n<p><em>Itapetinga News<\/em><\/p>\n","protected":false},"excerpt":{"rendered":"<p>\u00a0Foto arquivo Sudoeste Hoje Gilson protestou contra demiss\u00e3o de Rochinha &nbsp; ITAPETINGA: A noticia foi dada pelo vereador Gilson de Jesus (PC do B), durante a sess\u00e3o da C\u00e2mara de Vereadores nesta quarta\u2013feira(21). Segundo o vereador do PC do B, Ant\u00f4nio Rocha (Rochinha) foi exonerado da dire\u00e7\u00e3o do CSU \u00e0s escondidas, pelo governo do estado, [&hellip;]<\/p>\n","protected":false},"author":2,"featured_media":0,"comment_status":"open","ping_status":"open","sticky":false,"template":"","format":"standard","meta":{"footnotes":"","_links_to":"","_links_to_target":""},"categories":[1],"tags":[],"class_list":["post-22206","post","type-post","status-publish","format-standard","hentry","category-geral"],"views":1320,"_links":{"self":[{"href":"https:\/\/www.sudoestehoje.com.br\/novoportal\/wp-json\/wp\/v2\/posts\/22206","targetHints":{"allow":["GET"]}}],"collection":[{"href":"https:\/\/www.sudoestehoje.com.br\/novoportal\/wp-json\/wp\/v2\/posts"}],"about":[{"href":"https:\/\/www.sudoestehoje.com.br\/novoportal\/wp-json\/wp\/v2\/types\/post"}],"author":[{"embeddable":true,"href":"https:\/\/www.sudoestehoje.com.br\/novoportal\/wp-json\/wp\/v2\/users\/2"}],"replies":[{"embeddable":true,"href":"https:\/\/www.sudoestehoje.com.br\/novoportal\/wp-json\/wp\/v2\/comments?post=22206"}],"version-history":[{"count":5,"href":"https:\/\/www.sudoestehoje.com.br\/novoportal\/wp-json\/wp\/v2\/posts\/22206\/revisions"}],"predecessor-version":[{"id":22211,"href":"https:\/\/www.sudoestehoje.com.br\/novoportal\/wp-json\/wp\/v2\/posts\/22206\/revisions\/22211"}],"wp:attachment":[{"href":"https:\/\/www.sudoestehoje.com.br\/novoportal\/wp-json\/wp\/v2\/media?parent=22206"}],"wp:term":[{"taxonomy":"category","embeddable":true,"href":"https:\/\/www.sudoestehoje.com.br\/novoportal\/wp-json\/wp\/v2\/categories?post=22206"},{"taxonomy":"post_tag","embeddable":true,"href":"https:\/\/www.sudoestehoje.com.br\/novoportal\/wp-json\/wp\/v2\/tags?post=22206"}],"curies":[{"name":"wp","href":"https:\/\/api.w.org\/{rel}","templated":true}]}}