
{"id":222,"date":"2010-09-01T17:48:58","date_gmt":"2010-09-01T20:48:58","guid":{"rendered":"http:\/\/sudoestehoje.tempsite.ws\/novoportal\/?p=222"},"modified":"2010-09-18T13:49:26","modified_gmt":"2010-09-18T16:49:26","slug":"filha-de-serra-diz-que-assinatura-em-formulario-da-receita-nao-e-dela","status":"publish","type":"post","link":"https:\/\/www.sudoestehoje.com.br\/novoportal\/2010\/09\/01\/filha-de-serra-diz-que-assinatura-em-formulario-da-receita-nao-e-dela\/","title":{"rendered":"FILHA DE SERRA DIZ QUE ASSINATURA EM FORMUL\u00c1RIO DA RECEITA N\u00c3O \u00c9 DELA"},"content":{"rendered":"<div>\n<div style=\"text-align: center;\"><img loading=\"lazy\" decoding=\"async\" src=\"http:\/\/www.bahianoticias.com.br\/fotos\/editor\/Image\/Filha%20de%20Jose%20Serra.jpg\" border=\"0\" alt=\"\" width=\"200\" height=\"272\" \/><\/div>\n<div style=\"text-align: center;\"><strong>Dados sigilosos de Ver\u00f4nica foram acessados na Receita Federal<\/strong><\/div>\n<p>O  autor da procura\u00e7\u00e3o usada para acessar as declara\u00e7\u00f5es de renda de  Ver\u00f4nica Serra, filha do candidato \u00e0 Presid\u00eancia, Jos\u00e9 Serra (PSDB), foi  Ant\u00f4nio Carlos Atella Ferreira, que j\u00e1 teve quatro CPFs cancelados por  multiplicidade nos \u00faltimos anos. \u00a0A Receita determinou nesta quarta (1\u00ba)  a investiga\u00e7\u00e3o sobre a autenticidade do documento, pois a assessoria de  Ver\u00f4nica informou que ela n\u00e3o conhece a pessoa que\u00a0fez a procura\u00e7\u00e3o e  nem a assinatura atribu\u00edda a ela. No papel, um formul\u00e1rio da Receita  Federal, aparece uma suposta assinatura da filha de Serra autorizando  Atella Ferreira a obter as c\u00f3pias dos seus IRs de 2007 a 2009. A  procura\u00e7\u00e3o \u00e9 de 29 de setembro, um dia antes da entrega dos dados. A  analista tribut\u00e1ria L\u00facia de F\u00e1tima Milan disse ter acessado a  declara\u00e7\u00e3o de renda, mas a pedido da pr\u00f3pria Ver\u00f4nica e com uma  procura\u00e7\u00e3o registrada em cart\u00f3rio. J\u00e1 o tabeli\u00e3o Fabio Tadeu Bisognin,  respons\u00e1vel pelo 16\u00ba Cart\u00f3rio de Notas de S\u00e3o Paulo, negou, por meio de <a href=\"http:\/\/www.claudiohumberto.com.br\/OlalaCMS\/uploads\/anexos\/10.09.01-17.28.14-declaracao.pdf\"><span style=\"color: #0066cc;\">declara\u00e7\u00e3o<\/span><\/a>,  que tenha reconhecida a firma de Monica Serra na suposta procura\u00e7\u00e3o, e  afirmou que o\u00a0selo de seguran\u00e7a do documento e a assinatura da  escrevente autorizada do cart\u00f3rio s\u00e3o falsos. Caudio Humberto<\/p>\n<\/div>\n","protected":false},"excerpt":{"rendered":"<p>Dados sigilosos de Ver\u00f4nica foram acessados na Receita Federal O autor da procura\u00e7\u00e3o usada para acessar as declara\u00e7\u00f5es de renda de Ver\u00f4nica Serra, filha do candidato \u00e0 Presid\u00eancia, Jos\u00e9 Serra (PSDB), foi Ant\u00f4nio Carlos Atella Ferreira, que j\u00e1 teve quatro CPFs cancelados por multiplicidade nos \u00faltimos anos. \u00a0A Receita determinou nesta quarta (1\u00ba) a investiga\u00e7\u00e3o [&hellip;]<\/p>\n","protected":false},"author":1,"featured_media":0,"comment_status":"open","ping_status":"open","sticky":false,"template":"","format":"standard","meta":{"footnotes":"","_links_to":"","_links_to_target":""},"categories":[1],"tags":[],"class_list":["post-222","post","type-post","status-publish","format-standard","hentry","category-geral"],"views":1283,"_links":{"self":[{"href":"https:\/\/www.sudoestehoje.com.br\/novoportal\/wp-json\/wp\/v2\/posts\/222","targetHints":{"allow":["GET"]}}],"collection":[{"href":"https:\/\/www.sudoestehoje.com.br\/novoportal\/wp-json\/wp\/v2\/posts"}],"about":[{"href":"https:\/\/www.sudoestehoje.com.br\/novoportal\/wp-json\/wp\/v2\/types\/post"}],"author":[{"embeddable":true,"href":"https:\/\/www.sudoestehoje.com.br\/novoportal\/wp-json\/wp\/v2\/users\/1"}],"replies":[{"embeddable":true,"href":"https:\/\/www.sudoestehoje.com.br\/novoportal\/wp-json\/wp\/v2\/comments?post=222"}],"version-history":[{"count":1,"href":"https:\/\/www.sudoestehoje.com.br\/novoportal\/wp-json\/wp\/v2\/posts\/222\/revisions"}],"predecessor-version":[{"id":223,"href":"https:\/\/www.sudoestehoje.com.br\/novoportal\/wp-json\/wp\/v2\/posts\/222\/revisions\/223"}],"wp:attachment":[{"href":"https:\/\/www.sudoestehoje.com.br\/novoportal\/wp-json\/wp\/v2\/media?parent=222"}],"wp:term":[{"taxonomy":"category","embeddable":true,"href":"https:\/\/www.sudoestehoje.com.br\/novoportal\/wp-json\/wp\/v2\/categories?post=222"},{"taxonomy":"post_tag","embeddable":true,"href":"https:\/\/www.sudoestehoje.com.br\/novoportal\/wp-json\/wp\/v2\/tags?post=222"}],"curies":[{"name":"wp","href":"https:\/\/api.w.org\/{rel}","templated":true}]}}