
{"id":22194,"date":"2012-11-22T00:49:53","date_gmt":"2012-11-22T03:49:53","guid":{"rendered":"http:\/\/www.sudoestehoje.com.br\/novoportal\/?p=22194"},"modified":"2012-11-22T00:49:53","modified_gmt":"2012-11-22T03:49:53","slug":"camara-aumenta-direitos-de-empregados-domesticos","status":"publish","type":"post","link":"https:\/\/www.sudoestehoje.com.br\/novoportal\/2012\/11\/22\/camara-aumenta-direitos-de-empregados-domesticos\/","title":{"rendered":"C\u00c2MARA AUMENTA DIREITOS DE EMPREGADOS DOM\u00c9STICOS"},"content":{"rendered":"<p><img decoding=\"async\" class=\"alignleft\" src=\"http:\/\/www.rhedehouse.com.br\/wp-content\/uploads\/2012\/06\/empregadas-dom%C3%A9sticas-com-FGTS.jpg\" alt=\"\" width=\"250\" \/>Um dos resqu\u00edcios da escravid\u00e3o pode estar com os dias contados: a C\u00e2mara dos Deputados acaba de aprovar, em primeira vota\u00e7\u00e3o, a Proposta de Emenda Constitucional 478\/2010 que estende \u00e0s empregadas dom\u00e9sticas todos os direitos comuns aos demais trabalhadores. S\u00f3 houve dois votos contr\u00e1rios ao projeto.<\/p>\n<p>Isto inclui, por exemplo, jornada de trabalho de oito horas di\u00e1rias, direito a horas extras e ao FGTS. Ou seja: se PEC \u2013 que passar\u00e1 por nova vota\u00e7\u00e3o na C\u00e2mara e ainda ir\u00e1 ao Senado \u2013 for sancionada, n\u00e3o vai dar mais para exigir que dom\u00e9sticas ou bab\u00e1s fiquem 24 horas por dia \u00e0 disposi\u00e7\u00e3o de seus empregadores.<\/p>\n<p>O impacto ser\u00e1 t\u00e3o grande que, no plen\u00e1rio da C\u00e2mara j\u00e1 h\u00e1 quem fale em possibilidades de se burlar a futura norma. Trabalhadores dom\u00e9sticos seriam estimulados a abrir microempresas individuais para continuar a prestar servi\u00e7os sem as garantias trabalhistas.<\/p>\n<p>A fraude, por\u00e9m, pode acabar na Justi\u00e7a do Trabalho, com o empregador sendo obrigado a pagar tudo o que foi sonegado. <em>\u00daltimo Segundo<\/em><\/p>\n","protected":false},"excerpt":{"rendered":"<p>Um dos resqu\u00edcios da escravid\u00e3o pode estar com os dias contados: a C\u00e2mara dos Deputados acaba de aprovar, em primeira vota\u00e7\u00e3o, a Proposta de Emenda Constitucional 478\/2010 que estende \u00e0s empregadas dom\u00e9sticas todos os direitos comuns aos demais trabalhadores. S\u00f3 houve dois votos contr\u00e1rios ao projeto. Isto inclui, por exemplo, jornada de trabalho de oito [&hellip;]<\/p>\n","protected":false},"author":2,"featured_media":0,"comment_status":"open","ping_status":"open","sticky":false,"template":"","format":"standard","meta":{"footnotes":"","_links_to":"","_links_to_target":""},"categories":[1],"tags":[],"class_list":["post-22194","post","type-post","status-publish","format-standard","hentry","category-geral"],"views":1239,"_links":{"self":[{"href":"https:\/\/www.sudoestehoje.com.br\/novoportal\/wp-json\/wp\/v2\/posts\/22194","targetHints":{"allow":["GET"]}}],"collection":[{"href":"https:\/\/www.sudoestehoje.com.br\/novoportal\/wp-json\/wp\/v2\/posts"}],"about":[{"href":"https:\/\/www.sudoestehoje.com.br\/novoportal\/wp-json\/wp\/v2\/types\/post"}],"author":[{"embeddable":true,"href":"https:\/\/www.sudoestehoje.com.br\/novoportal\/wp-json\/wp\/v2\/users\/2"}],"replies":[{"embeddable":true,"href":"https:\/\/www.sudoestehoje.com.br\/novoportal\/wp-json\/wp\/v2\/comments?post=22194"}],"version-history":[{"count":3,"href":"https:\/\/www.sudoestehoje.com.br\/novoportal\/wp-json\/wp\/v2\/posts\/22194\/revisions"}],"predecessor-version":[{"id":22197,"href":"https:\/\/www.sudoestehoje.com.br\/novoportal\/wp-json\/wp\/v2\/posts\/22194\/revisions\/22197"}],"wp:attachment":[{"href":"https:\/\/www.sudoestehoje.com.br\/novoportal\/wp-json\/wp\/v2\/media?parent=22194"}],"wp:term":[{"taxonomy":"category","embeddable":true,"href":"https:\/\/www.sudoestehoje.com.br\/novoportal\/wp-json\/wp\/v2\/categories?post=22194"},{"taxonomy":"post_tag","embeddable":true,"href":"https:\/\/www.sudoestehoje.com.br\/novoportal\/wp-json\/wp\/v2\/tags?post=22194"}],"curies":[{"name":"wp","href":"https:\/\/api.w.org\/{rel}","templated":true}]}}