
{"id":22191,"date":"2012-11-22T00:25:03","date_gmt":"2012-11-22T03:25:03","guid":{"rendered":"http:\/\/www.sudoestehoje.com.br\/novoportal\/?p=22191"},"modified":"2012-11-22T00:25:03","modified_gmt":"2012-11-22T03:25:03","slug":"itororo-mp-entra-com-acao-contra-prefeitura-por-salarios-atrasados","status":"publish","type":"post","link":"https:\/\/www.sudoestehoje.com.br\/novoportal\/2012\/11\/22\/itororo-mp-entra-com-acao-contra-prefeitura-por-salarios-atrasados\/","title":{"rendered":"ITOROR\u00d3: MP ENTRA COM A\u00c7\u00c3O CONTRA PREFEITURA POR SAL\u00c1RIOS ATRASADOS"},"content":{"rendered":"<p><img decoding=\"async\" class=\"aligncenter\" src=\"http:\/\/www.itapetinganamidia.com\/wp-content\/uploads\/Encontro-Regional-de-Prefeitos-e-Vereadores-24.jpg\" alt=\"\" width=\"400\" \/><\/p>\n<p style=\"text-align: center;\"><em>Adroaldo perdeu a elei\u00e7\u00e3o e atrasou os sal\u00e1rios dos servidores<\/em><\/p>\n<p>&nbsp;<\/p>\n<p>O Minist\u00e9rio P\u00fablico de Itoror\u00f3 ajuizou nesta ter\u00e7a-feira, 20 de novembro, A\u00c7\u00c3O CIVIL P\u00daBLICA, COM PEDIDO LIMINAR, contra o Munic\u00edpio de Itoror\u00f3 e o Prefeito Jos\u00e9 Adroaldo, para obrigar a Prefeitura a pagar os sal\u00e1rios atrasados dos funcion\u00e1rios p\u00fablicos e tamb\u00e9m os que vencerem at\u00e9 o final do mandato do atual Prefeito.<\/p>\n<p>A medida foi adotada em virtude das reclama\u00e7\u00f5es de in\u00fameros funcion\u00e1rios p\u00fablicos que n\u00e3o v\u00eam recebendo os sal\u00e1rios em dia, bem como daqueles que foram desligados na Prefeitura nos \u00faltimos meses sem receber o que lhes era devido.<\/p>\n<p>Segundo o Promotor de Justi\u00e7a Dario Jos\u00e9 Kist, o fundamento da a\u00e7\u00e3o judicial situa-se no car\u00e1ter alimentar dos sal\u00e1rios, tratando-se de um direito fundamental reconhecido na Constitui\u00e7\u00e3o Federal e na legisla\u00e7\u00e3o ordin\u00e1ria; qualquer pessoa que trabalha para outrem tem o sagrado direito de receber, em contrapartida, a remunera\u00e7\u00e3o correspondente.<!--more--><\/p>\n<p>Na a\u00e7\u00e3o proposta, e para o cumprimento da obriga\u00e7\u00e3o de pagar os sal\u00e1rios, o Minist\u00e9rio P\u00fablico requereu o bloqueio de 60% (sessenta por cento) de todos os recursos do Munic\u00edpio de Itoror\u00f3 e, para viabilizar o cumprimento da medida, foi requerida a expedi\u00e7\u00e3o de of\u00edcio ao gerente do Banco do Brasil e do Bradesco desta cidade, emitindo ordem para o bloqueio das contas. O dinheiro bloqueado dever\u00e1 ser utilizado para o pagamento dos sal\u00e1rios em atraso e tamb\u00e9m dos que vencerem at\u00e9 o final do mandato do atual Prefeito.<\/p>\n<p>Assim que efetivado o bloqueio, o Prefeito e o Secret\u00e1rio de Finan\u00e7as ter\u00e3o o prazo de 5 (cinco) dias, contado da intima\u00e7\u00e3o, para efetivar o pagamento dos sal\u00e1rios, sob pena de incorrerem no crime de desobedi\u00eancia.<\/p>\n<p><em>\u201cLamento que a situa\u00e7\u00e3o tenha chegado a esse ponto, uma vez que o pagamento dos sal\u00e1rios dos funcion\u00e1rios da Prefeitura \u00e9 dever b\u00e1sico de qualquer Prefeito; e no caso de Itoror\u00f3, diversas tentativas anteriores foram feitas pelo Minist\u00e9rio P\u00fablico no sentido de resolver a situa\u00e7\u00e3o, mas isso n\u00e3o foi suficiente, tornando necess\u00e1rio o ajuizamento da a\u00e7\u00e3o\u201d<\/em>, afirmou o Promotor de Justi\u00e7a de Itoror\u00f3 Dr. Dario Jos\u00e9 Kist.<\/p>\n<p>Informa\u00e7\u00f5es Blog Itoror\u00f3 J\u00e1<\/p>\n","protected":false},"excerpt":{"rendered":"<p>Adroaldo perdeu a elei\u00e7\u00e3o e atrasou os sal\u00e1rios dos servidores &nbsp; O Minist\u00e9rio P\u00fablico de Itoror\u00f3 ajuizou nesta ter\u00e7a-feira, 20 de novembro, A\u00c7\u00c3O CIVIL P\u00daBLICA, COM PEDIDO LIMINAR, contra o Munic\u00edpio de Itoror\u00f3 e o Prefeito Jos\u00e9 Adroaldo, para obrigar a Prefeitura a pagar os sal\u00e1rios atrasados dos funcion\u00e1rios p\u00fablicos e tamb\u00e9m os que vencerem [&hellip;]<\/p>\n","protected":false},"author":2,"featured_media":0,"comment_status":"open","ping_status":"open","sticky":false,"template":"","format":"standard","meta":{"footnotes":"","_links_to":"","_links_to_target":""},"categories":[1],"tags":[],"class_list":["post-22191","post","type-post","status-publish","format-standard","hentry","category-geral"],"views":1443,"_links":{"self":[{"href":"https:\/\/www.sudoestehoje.com.br\/novoportal\/wp-json\/wp\/v2\/posts\/22191","targetHints":{"allow":["GET"]}}],"collection":[{"href":"https:\/\/www.sudoestehoje.com.br\/novoportal\/wp-json\/wp\/v2\/posts"}],"about":[{"href":"https:\/\/www.sudoestehoje.com.br\/novoportal\/wp-json\/wp\/v2\/types\/post"}],"author":[{"embeddable":true,"href":"https:\/\/www.sudoestehoje.com.br\/novoportal\/wp-json\/wp\/v2\/users\/2"}],"replies":[{"embeddable":true,"href":"https:\/\/www.sudoestehoje.com.br\/novoportal\/wp-json\/wp\/v2\/comments?post=22191"}],"version-history":[{"count":2,"href":"https:\/\/www.sudoestehoje.com.br\/novoportal\/wp-json\/wp\/v2\/posts\/22191\/revisions"}],"predecessor-version":[{"id":22193,"href":"https:\/\/www.sudoestehoje.com.br\/novoportal\/wp-json\/wp\/v2\/posts\/22191\/revisions\/22193"}],"wp:attachment":[{"href":"https:\/\/www.sudoestehoje.com.br\/novoportal\/wp-json\/wp\/v2\/media?parent=22191"}],"wp:term":[{"taxonomy":"category","embeddable":true,"href":"https:\/\/www.sudoestehoje.com.br\/novoportal\/wp-json\/wp\/v2\/categories?post=22191"},{"taxonomy":"post_tag","embeddable":true,"href":"https:\/\/www.sudoestehoje.com.br\/novoportal\/wp-json\/wp\/v2\/tags?post=22191"}],"curies":[{"name":"wp","href":"https:\/\/api.w.org\/{rel}","templated":true}]}}