
{"id":22186,"date":"2012-11-22T00:11:59","date_gmt":"2012-11-22T03:11:59","guid":{"rendered":"http:\/\/www.sudoestehoje.com.br\/novoportal\/?p=22186"},"modified":"2012-11-22T00:11:59","modified_gmt":"2012-11-22T03:11:59","slug":"itororo-mp-podera-fechar-matadouro-municipal-na-proxima-semana","status":"publish","type":"post","link":"https:\/\/www.sudoestehoje.com.br\/novoportal\/2012\/11\/22\/itororo-mp-podera-fechar-matadouro-municipal-na-proxima-semana\/","title":{"rendered":"ITOROR\u00d3: MP PODER\u00c1 FECHAR MATADOURO MUNICIPAL NA PR\u00d3XIMA SEMANA"},"content":{"rendered":"<p><img decoding=\"async\" class=\"aligncenter\" src=\"http:\/\/itororoja.com.br\/wp-content\/uploads\/2012\/11\/madatouro.jpg\" alt=\"\" width=\"400\" \/><\/p>\n<p>&nbsp;<\/p>\n<p>O Minist\u00e9rio P\u00fablico prop\u00f4s, nesta quarta-feira, 21\/11, duas a\u00e7\u00f5es civis p\u00fablicas na Vara C\u00edvel da Comarca de Itoror\u00f3 visando \u00e0 interdi\u00e7\u00e3o dos matadouros de Itoror\u00f3, de Firmino Alves e de Itai\u00e1, interior deste Munic\u00edpio.<\/p>\n<p>O fundamento da a\u00e7\u00e3o situa-se nas graves irregularidades do ponto de vista ambiental e de sa\u00fade p\u00fablica de que tais empreendimentos padecem. As p\u00e9ssimas condi\u00e7\u00f5es higi\u00eanicas e sanit\u00e1rias existentes nos matadouros geram in\u00fameros riscos de transmiss\u00e3o de doen\u00e7as graves, como artrite infecciosa, carb\u00fanculo hem\u00e1tico, coriza gangrenosa, encefalomielites infecciosas, enterites septic\u00eamicas, linfagite ulcerosa, tuberculose, peripneumonia contagiosa, raiva e pseudo-raiva, neurocisticercose, leptospirose, toxinfec\u00e7\u00e3o alimentar e toxoplasmose.<!--more-->Al\u00e9m disso, os tr\u00eas matadouros cuja interdi\u00e7\u00e3o foi promovida causam s\u00e9rios danos ambientais, em especial por que: a) falta de licenciamento ambiental; b) abate dos animais de forma rudimentar, com instrumento contundente e perfurante, em vez de rev\u00f3lver pneum\u00e1tico atordoador; c) aus\u00eancia de c\u00e2mara frigor\u00edfica para conserva\u00e7\u00e3o da carne; d) tr\u00e2nsito de pessoas estranhas \u00e0 atividade do abate; e) disposi\u00e7\u00e3o indevida de res\u00edduos de cascos de animais sobre o solo; f) lan\u00e7amento de efluentes sem tratamento sobre o solo, que se acumulam em uma bacia localizada em cota inferior do terreno, causando a contamina\u00e7\u00e3o do solo e do len\u00e7ol fre\u00e1tico; g) o escoamento de fezes e res\u00edduos para rios que passam nas imedia\u00e7\u00f5es dos locais de abate.<\/p>\n<p>O Promotor de Justi\u00e7a Dario Jos\u00e9 Kist informa tamb\u00e9m que anteriormente diversas tentativas foram feitas junto \u00e0s respectivas Prefeituras para o enfrentamento desses problemas, mas nenhuma medida concreta foi adotada nesse sentido, de modo que os matadouros persistem na pior situa\u00e7\u00e3o poss\u00edvel.<\/p>\n<p>E diante disso outra medida n\u00e3o se apresenta a n\u00e3o ser a interdi\u00e7\u00e3o dos matadouros, na expectativa de suprimir tais locais de abate irregular e altamente poluentes.<\/p>\n<p>A medida de interdi\u00e7\u00e3o est\u00e1 em conson\u00e2ncia com a pol\u00edtica adotada em todo o Estado da Bahia no sentido de extinguir matadouros que n\u00e3o est\u00e3o adequados \u00e0 Portaria n\u00ba 304\/96, do Minist\u00e9rio da Agricultura. Pretende-se com isso, tamb\u00e9m, que o abate seja realizado exclusivamente em frigor\u00edficos que estejam de acordo com a legisla\u00e7\u00e3o.<\/p>\n<p>Informa\u00e7\u00f5es do Blog Itoror\u00f3 J\u00e1<\/p>\n","protected":false},"excerpt":{"rendered":"<p>&nbsp; O Minist\u00e9rio P\u00fablico prop\u00f4s, nesta quarta-feira, 21\/11, duas a\u00e7\u00f5es civis p\u00fablicas na Vara C\u00edvel da Comarca de Itoror\u00f3 visando \u00e0 interdi\u00e7\u00e3o dos matadouros de Itoror\u00f3, de Firmino Alves e de Itai\u00e1, interior deste Munic\u00edpio. O fundamento da a\u00e7\u00e3o situa-se nas graves irregularidades do ponto de vista ambiental e de sa\u00fade p\u00fablica de que tais [&hellip;]<\/p>\n","protected":false},"author":2,"featured_media":0,"comment_status":"open","ping_status":"open","sticky":false,"template":"","format":"standard","meta":{"footnotes":"","_links_to":"","_links_to_target":""},"categories":[1],"tags":[],"class_list":["post-22186","post","type-post","status-publish","format-standard","hentry","category-geral"],"views":1440,"_links":{"self":[{"href":"https:\/\/www.sudoestehoje.com.br\/novoportal\/wp-json\/wp\/v2\/posts\/22186","targetHints":{"allow":["GET"]}}],"collection":[{"href":"https:\/\/www.sudoestehoje.com.br\/novoportal\/wp-json\/wp\/v2\/posts"}],"about":[{"href":"https:\/\/www.sudoestehoje.com.br\/novoportal\/wp-json\/wp\/v2\/types\/post"}],"author":[{"embeddable":true,"href":"https:\/\/www.sudoestehoje.com.br\/novoportal\/wp-json\/wp\/v2\/users\/2"}],"replies":[{"embeddable":true,"href":"https:\/\/www.sudoestehoje.com.br\/novoportal\/wp-json\/wp\/v2\/comments?post=22186"}],"version-history":[{"count":4,"href":"https:\/\/www.sudoestehoje.com.br\/novoportal\/wp-json\/wp\/v2\/posts\/22186\/revisions"}],"predecessor-version":[{"id":22190,"href":"https:\/\/www.sudoestehoje.com.br\/novoportal\/wp-json\/wp\/v2\/posts\/22186\/revisions\/22190"}],"wp:attachment":[{"href":"https:\/\/www.sudoestehoje.com.br\/novoportal\/wp-json\/wp\/v2\/media?parent=22186"}],"wp:term":[{"taxonomy":"category","embeddable":true,"href":"https:\/\/www.sudoestehoje.com.br\/novoportal\/wp-json\/wp\/v2\/categories?post=22186"},{"taxonomy":"post_tag","embeddable":true,"href":"https:\/\/www.sudoestehoje.com.br\/novoportal\/wp-json\/wp\/v2\/tags?post=22186"}],"curies":[{"name":"wp","href":"https:\/\/api.w.org\/{rel}","templated":true}]}}