
{"id":22183,"date":"2012-11-21T23:40:02","date_gmt":"2012-11-22T02:40:02","guid":{"rendered":"http:\/\/www.sudoestehoje.com.br\/novoportal\/?p=22183"},"modified":"2012-11-21T23:40:02","modified_gmt":"2012-11-22T02:40:02","slug":"agilidade-policial","status":"publish","type":"post","link":"https:\/\/www.sudoestehoje.com.br\/novoportal\/2012\/11\/21\/agilidade-policial\/","title":{"rendered":"AGILIDADE POLICIAL"},"content":{"rendered":"<p><img decoding=\"async\" class=\"aligncenter\" src=\"http:\/\/colorir.estaticos.net\/desenhos\/color\/201101\/217c6aedfbb9299dfad55639e2c3b0b1.png\" alt=\"\" width=\"150\" \/><\/p>\n<p>A partir de cobran\u00e7a pessoal do governador Jaques Wagner, a Secretaria de Seguran\u00e7a P\u00fablica localizou e prendeu, em 2 dias, os sequestradores da ju\u00edza e da promotora, em Salvador. Louve-se a efici\u00eancia &#8211; neste caso &#8211; das autoridades policiais. Mas o que se exige delas \u00e9 a mesma rapidez nos outros. Mais ainda: que impe\u00e7am a viol\u00eancia na cidade. A\u00ed estar\u00e3o cumprindo o seu dever. \u00a0(Tribuna)<\/p>\n","protected":false},"excerpt":{"rendered":"<p>A partir de cobran\u00e7a pessoal do governador Jaques Wagner, a Secretaria de Seguran\u00e7a P\u00fablica localizou e prendeu, em 2 dias, os sequestradores da ju\u00edza e da promotora, em Salvador. Louve-se a efici\u00eancia &#8211; neste caso &#8211; das autoridades policiais. Mas o que se exige delas \u00e9 a mesma rapidez nos outros. Mais ainda: que impe\u00e7am [&hellip;]<\/p>\n","protected":false},"author":2,"featured_media":0,"comment_status":"open","ping_status":"open","sticky":false,"template":"","format":"standard","meta":{"footnotes":"","_links_to":"","_links_to_target":""},"categories":[11],"tags":[],"class_list":["post-22183","post","type-post","status-publish","format-standard","hentry","category-quentinhas"],"views":193,"_links":{"self":[{"href":"https:\/\/www.sudoestehoje.com.br\/novoportal\/wp-json\/wp\/v2\/posts\/22183","targetHints":{"allow":["GET"]}}],"collection":[{"href":"https:\/\/www.sudoestehoje.com.br\/novoportal\/wp-json\/wp\/v2\/posts"}],"about":[{"href":"https:\/\/www.sudoestehoje.com.br\/novoportal\/wp-json\/wp\/v2\/types\/post"}],"author":[{"embeddable":true,"href":"https:\/\/www.sudoestehoje.com.br\/novoportal\/wp-json\/wp\/v2\/users\/2"}],"replies":[{"embeddable":true,"href":"https:\/\/www.sudoestehoje.com.br\/novoportal\/wp-json\/wp\/v2\/comments?post=22183"}],"version-history":[{"count":2,"href":"https:\/\/www.sudoestehoje.com.br\/novoportal\/wp-json\/wp\/v2\/posts\/22183\/revisions"}],"predecessor-version":[{"id":22185,"href":"https:\/\/www.sudoestehoje.com.br\/novoportal\/wp-json\/wp\/v2\/posts\/22183\/revisions\/22185"}],"wp:attachment":[{"href":"https:\/\/www.sudoestehoje.com.br\/novoportal\/wp-json\/wp\/v2\/media?parent=22183"}],"wp:term":[{"taxonomy":"category","embeddable":true,"href":"https:\/\/www.sudoestehoje.com.br\/novoportal\/wp-json\/wp\/v2\/categories?post=22183"},{"taxonomy":"post_tag","embeddable":true,"href":"https:\/\/www.sudoestehoje.com.br\/novoportal\/wp-json\/wp\/v2\/tags?post=22183"}],"curies":[{"name":"wp","href":"https:\/\/api.w.org\/{rel}","templated":true}]}}