
{"id":22181,"date":"2012-11-21T23:26:54","date_gmt":"2012-11-22T02:26:54","guid":{"rendered":"http:\/\/www.sudoestehoje.com.br\/novoportal\/?p=22181"},"modified":"2012-11-21T23:26:54","modified_gmt":"2012-11-22T02:26:54","slug":"wagner-ja-admite-otto-alencar-governador-e-gabrielli-vice","status":"publish","type":"post","link":"https:\/\/www.sudoestehoje.com.br\/novoportal\/2012\/11\/21\/wagner-ja-admite-otto-alencar-governador-e-gabrielli-vice\/","title":{"rendered":"WAGNER J\u00c1 ADMITE OTTO ALENCAR GOVERNADOR E GABRIELLI VICE"},"content":{"rendered":"<p><img decoding=\"async\" class=\"aligncenter\" src=\"http:\/\/www.portaln3.com.br\/teixeiradefreitas\/wp-content\/uploads\/2012\/11\/gabrielli_posse_seplan_bocaonews_gj_090312-26.jpg\" alt=\"\" width=\"400\" \/><\/p>\n<p>&nbsp;<\/p>\n<p>Depois das manifesta\u00e7\u00f5es de Sergio Gabrielle, em artigo \u00e0 imprensa, n\u00e3o aceitando o fato de ACM Neto ter derrotado o PT, Wagner j\u00e1 estuda apoio a Otto Alencar, vice governador do estado, j\u00e1 que este tem maior comunica\u00e7\u00e3o com as bases aliadas e transito em partidos de Oposi\u00e7\u00e3o. Mostrando imaturidade pol\u00edtica e desrespeito \u00e0 vontade popular.<br \/>\nO desgaste de Gabrielle \u00a0iniciou quando o governo, mesmo em situa\u00e7\u00e3o cr\u00edtica com as greves de professores e policiais militares, lan\u00e7ou para candidato a governador Gabrielli, ent\u00e3o\u00a0defenestrado\u00a0da Petrobr\u00e1s pela presidente Dilma.<\/p>\n<p>Otto, por outro lado tem crescido sua base nos\u00a0munic\u00edpios\u00a0do interior, \u00e9 um pol\u00edtico h\u00e1bil e tem\u00a0demonstrado\u00a0pouca rejei\u00e7\u00e3o entre o povo da Bahia. Gabrielle, por outro lado, tornou-se uma figura pesada e como consolo o governador deve indicar para a vice governadoria, pelo menos de in\u00edcio, depois poder\u00e1 ser\u00a0substitu\u00eddo,\u00a0j\u00e1 que o governo tenta impedir que o carlismo retorne ao comando do estado. <em>Chumbo Grosso<\/em><\/p>\n","protected":false},"excerpt":{"rendered":"<p>&nbsp; Depois das manifesta\u00e7\u00f5es de Sergio Gabrielle, em artigo \u00e0 imprensa, n\u00e3o aceitando o fato de ACM Neto ter derrotado o PT, Wagner j\u00e1 estuda apoio a Otto Alencar, vice governador do estado, j\u00e1 que este tem maior comunica\u00e7\u00e3o com as bases aliadas e transito em partidos de Oposi\u00e7\u00e3o. Mostrando imaturidade pol\u00edtica e desrespeito \u00e0 [&hellip;]<\/p>\n","protected":false},"author":2,"featured_media":0,"comment_status":"open","ping_status":"open","sticky":false,"template":"","format":"standard","meta":{"footnotes":"","_links_to":"","_links_to_target":""},"categories":[1],"tags":[],"class_list":["post-22181","post","type-post","status-publish","format-standard","hentry","category-geral"],"views":1140,"_links":{"self":[{"href":"https:\/\/www.sudoestehoje.com.br\/novoportal\/wp-json\/wp\/v2\/posts\/22181","targetHints":{"allow":["GET"]}}],"collection":[{"href":"https:\/\/www.sudoestehoje.com.br\/novoportal\/wp-json\/wp\/v2\/posts"}],"about":[{"href":"https:\/\/www.sudoestehoje.com.br\/novoportal\/wp-json\/wp\/v2\/types\/post"}],"author":[{"embeddable":true,"href":"https:\/\/www.sudoestehoje.com.br\/novoportal\/wp-json\/wp\/v2\/users\/2"}],"replies":[{"embeddable":true,"href":"https:\/\/www.sudoestehoje.com.br\/novoportal\/wp-json\/wp\/v2\/comments?post=22181"}],"version-history":[{"count":1,"href":"https:\/\/www.sudoestehoje.com.br\/novoportal\/wp-json\/wp\/v2\/posts\/22181\/revisions"}],"predecessor-version":[{"id":22182,"href":"https:\/\/www.sudoestehoje.com.br\/novoportal\/wp-json\/wp\/v2\/posts\/22181\/revisions\/22182"}],"wp:attachment":[{"href":"https:\/\/www.sudoestehoje.com.br\/novoportal\/wp-json\/wp\/v2\/media?parent=22181"}],"wp:term":[{"taxonomy":"category","embeddable":true,"href":"https:\/\/www.sudoestehoje.com.br\/novoportal\/wp-json\/wp\/v2\/categories?post=22181"},{"taxonomy":"post_tag","embeddable":true,"href":"https:\/\/www.sudoestehoje.com.br\/novoportal\/wp-json\/wp\/v2\/tags?post=22181"}],"curies":[{"name":"wp","href":"https:\/\/api.w.org\/{rel}","templated":true}]}}