
{"id":22174,"date":"2012-11-21T09:07:26","date_gmt":"2012-11-21T12:07:26","guid":{"rendered":"http:\/\/www.sudoestehoje.com.br\/novoportal\/?p=22174"},"modified":"2012-11-21T09:07:26","modified_gmt":"2012-11-21T12:07:26","slug":"bandidos-que-sequestraram-juiza-e-promotora-estao-presos","status":"publish","type":"post","link":"https:\/\/www.sudoestehoje.com.br\/novoportal\/2012\/11\/21\/bandidos-que-sequestraram-juiza-e-promotora-estao-presos\/","title":{"rendered":"BANDIDOS QUE SEQUESTRARAM JU\u00cdZA E PROMOTORA EST\u00c3O PRESOS"},"content":{"rendered":"<p><img decoding=\"async\" class=\"alignleft\" src=\"http:\/\/s1.ibsttc.net\/uploads\/RTEmagicC_bandido.jpg.jpg\" alt=\"\" \/>Foram presos na madrugada desta quarta-feira, 21, quatro pessoas suspeitas de estarem envolvidas no sequestro-rel\u00e2mpago da promotora baiana e de uma ju\u00edza na \u00faltima quinta-feira, 15. De acordo com informa\u00e7\u00f5es da Pol\u00edcia Civil, dois homens e um adolescente, acusados de sequestrarem e estuprarem a promotora, al\u00e9m da mulher de um dos suspeitos, que estava com os pertences da v\u00edtima, ser\u00e3o apresentados \u00e0s 10h desta quarta na Secretaria de Seguran\u00e7a P\u00fablica (SSP-BA), no Centro Administrativo da Bahia (CAB).<\/p>\n<p>Os suspeitos foram presos por equipes do Centro de Opera\u00e7\u00f5es Especiais da Pol\u00edcia Civil do Estado da Bahia (COE) e encaminhados ao Departamento de Homic\u00eddios e Prote\u00e7\u00e3o \u00e0 Pessoa (DHPP), para serem interrogados.<\/p>\n<p><strong>Relembre o caso<\/strong>\u00a0&#8211; A promotora de justi\u00e7a, que \u00e9 de uma comarca do interior do Estado, foi agredida fisicamente e estuprada, ap\u00f3s ser v\u00edtima de um sequestro-rel\u00e2mpago, na noite da \u00faltima quinta-feira, em companhia de uma ju\u00edza. A magistrada, de acordo com\u00a0 informa\u00e7\u00f5es da Pol\u00edcia Civil, \u00e9 de outro Estado.<\/p>\n","protected":false},"excerpt":{"rendered":"<p>Foram presos na madrugada desta quarta-feira, 21, quatro pessoas suspeitas de estarem envolvidas no sequestro-rel\u00e2mpago da promotora baiana e de uma ju\u00edza na \u00faltima quinta-feira, 15. De acordo com informa\u00e7\u00f5es da Pol\u00edcia Civil, dois homens e um adolescente, acusados de sequestrarem e estuprarem a promotora, al\u00e9m da mulher de um dos suspeitos, que estava com [&hellip;]<\/p>\n","protected":false},"author":2,"featured_media":0,"comment_status":"open","ping_status":"open","sticky":false,"template":"","format":"standard","meta":{"footnotes":"","_links_to":"","_links_to_target":""},"categories":[1],"tags":[],"class_list":["post-22174","post","type-post","status-publish","format-standard","hentry","category-geral"],"views":1429,"_links":{"self":[{"href":"https:\/\/www.sudoestehoje.com.br\/novoportal\/wp-json\/wp\/v2\/posts\/22174","targetHints":{"allow":["GET"]}}],"collection":[{"href":"https:\/\/www.sudoestehoje.com.br\/novoportal\/wp-json\/wp\/v2\/posts"}],"about":[{"href":"https:\/\/www.sudoestehoje.com.br\/novoportal\/wp-json\/wp\/v2\/types\/post"}],"author":[{"embeddable":true,"href":"https:\/\/www.sudoestehoje.com.br\/novoportal\/wp-json\/wp\/v2\/users\/2"}],"replies":[{"embeddable":true,"href":"https:\/\/www.sudoestehoje.com.br\/novoportal\/wp-json\/wp\/v2\/comments?post=22174"}],"version-history":[{"count":6,"href":"https:\/\/www.sudoestehoje.com.br\/novoportal\/wp-json\/wp\/v2\/posts\/22174\/revisions"}],"predecessor-version":[{"id":22180,"href":"https:\/\/www.sudoestehoje.com.br\/novoportal\/wp-json\/wp\/v2\/posts\/22174\/revisions\/22180"}],"wp:attachment":[{"href":"https:\/\/www.sudoestehoje.com.br\/novoportal\/wp-json\/wp\/v2\/media?parent=22174"}],"wp:term":[{"taxonomy":"category","embeddable":true,"href":"https:\/\/www.sudoestehoje.com.br\/novoportal\/wp-json\/wp\/v2\/categories?post=22174"},{"taxonomy":"post_tag","embeddable":true,"href":"https:\/\/www.sudoestehoje.com.br\/novoportal\/wp-json\/wp\/v2\/tags?post=22174"}],"curies":[{"name":"wp","href":"https:\/\/api.w.org\/{rel}","templated":true}]}}