
{"id":22160,"date":"2012-11-20T13:19:37","date_gmt":"2012-11-20T16:19:37","guid":{"rendered":"http:\/\/www.sudoestehoje.com.br\/novoportal\/?p=22160"},"modified":"2012-11-20T13:19:37","modified_gmt":"2012-11-20T16:19:37","slug":"jaques-wagner-recebe-acm-neto-em-audiencia-na-governadoria","status":"publish","type":"post","link":"https:\/\/www.sudoestehoje.com.br\/novoportal\/2012\/11\/20\/jaques-wagner-recebe-acm-neto-em-audiencia-na-governadoria\/","title":{"rendered":"JAQUES WAGNER RECEBE ACM NETO EM AUDI\u00caNCIA NA GOVERNADORIA"},"content":{"rendered":"<p style=\"text-align: center;\"><em>Coperphotos- Valter Pontes<\/em><\/p>\n<p style=\"text-align: center;\"><a href=\"http:\/\/www.sudoestehoje.com.br\/novoportal\/wp-content\/uploads\/2012\/11\/NETO-E-WAGNER1.jpg\"><img decoding=\"async\" class=\"aligncenter  wp-image-22164\" title=\"NETO E WAGNER\" src=\"http:\/\/www.sudoestehoje.com.br\/novoportal\/wp-content\/uploads\/2012\/11\/NETO-E-WAGNER1-500x352.jpg\" alt=\"\" width=\"400\" srcset=\"https:\/\/www.sudoestehoje.com.br\/novoportal\/wp-content\/uploads\/2012\/11\/NETO-E-WAGNER1-500x352.jpg 500w, https:\/\/www.sudoestehoje.com.br\/novoportal\/wp-content\/uploads\/2012\/11\/NETO-E-WAGNER1.jpg 679w\" sizes=\"(max-width: 500px) 100vw, 500px\" \/><\/a><\/p>\n<p>&nbsp;<\/p>\n<p>O governador Jaques Wagner (PT) recebeu na manh\u00e3 desta ter\u00e7a-feira (20) o prefeito eleito de Salvador, ACM Neto (DEM). O encontro foi registrado na Governadoria, no Centro Administrativo da Bahia (CAB).\u00a0Segundo a assessoria do governo, a\u00a0reuni\u00e3o tratou de projetos para a cidade de Salvador nos pr\u00f3ximos dois anos.<\/p>\n<p style=\"text-align: left;\"><a href=\"http:\/\/www.sudoestehoje.com.br\/novoportal\/wp-content\/uploads\/2012\/11\/NETO-E-WAGNER-21.jpg\"><img decoding=\"async\" class=\"aligncenter  wp-image-22165\" title=\"NETO E WAGNER 2\" src=\"http:\/\/www.sudoestehoje.com.br\/novoportal\/wp-content\/uploads\/2012\/11\/NETO-E-WAGNER-21-500x331.jpg\" alt=\"\" width=\"400\" srcset=\"https:\/\/www.sudoestehoje.com.br\/novoportal\/wp-content\/uploads\/2012\/11\/NETO-E-WAGNER-21-500x331.jpg 500w, https:\/\/www.sudoestehoje.com.br\/novoportal\/wp-content\/uploads\/2012\/11\/NETO-E-WAGNER-21-700x464.jpg 700w, https:\/\/www.sudoestehoje.com.br\/novoportal\/wp-content\/uploads\/2012\/11\/NETO-E-WAGNER-21.jpg 717w\" sizes=\"(max-width: 500px) 100vw, 500px\" \/><\/a><br \/>\nEste foi o primeiro encontro oficial entre os dois, mas o governador e o prefeito eleito j\u00e1 se encontraram informalmente durante o evento promovido pela Uni\u00e3o dos Munic\u00edpios da Bahia (UPB) entre os gestores eleitos e reeleitos, em um resort de Guarajuba, no s\u00e1bado (10).<\/p>\n","protected":false},"excerpt":{"rendered":"<p>Coperphotos- Valter Pontes &nbsp; O governador Jaques Wagner (PT) recebeu na manh\u00e3 desta ter\u00e7a-feira (20) o prefeito eleito de Salvador, ACM Neto (DEM). O encontro foi registrado na Governadoria, no Centro Administrativo da Bahia (CAB).\u00a0Segundo a assessoria do governo, a\u00a0reuni\u00e3o tratou de projetos para a cidade de Salvador nos pr\u00f3ximos dois anos. Este foi o [&hellip;]<\/p>\n","protected":false},"author":2,"featured_media":0,"comment_status":"open","ping_status":"open","sticky":false,"template":"","format":"standard","meta":{"footnotes":"","_links_to":"","_links_to_target":""},"categories":[1],"tags":[],"class_list":["post-22160","post","type-post","status-publish","format-standard","hentry","category-geral"],"views":1087,"_links":{"self":[{"href":"https:\/\/www.sudoestehoje.com.br\/novoportal\/wp-json\/wp\/v2\/posts\/22160","targetHints":{"allow":["GET"]}}],"collection":[{"href":"https:\/\/www.sudoestehoje.com.br\/novoportal\/wp-json\/wp\/v2\/posts"}],"about":[{"href":"https:\/\/www.sudoestehoje.com.br\/novoportal\/wp-json\/wp\/v2\/types\/post"}],"author":[{"embeddable":true,"href":"https:\/\/www.sudoestehoje.com.br\/novoportal\/wp-json\/wp\/v2\/users\/2"}],"replies":[{"embeddable":true,"href":"https:\/\/www.sudoestehoje.com.br\/novoportal\/wp-json\/wp\/v2\/comments?post=22160"}],"version-history":[{"count":3,"href":"https:\/\/www.sudoestehoje.com.br\/novoportal\/wp-json\/wp\/v2\/posts\/22160\/revisions"}],"predecessor-version":[{"id":22167,"href":"https:\/\/www.sudoestehoje.com.br\/novoportal\/wp-json\/wp\/v2\/posts\/22160\/revisions\/22167"}],"wp:attachment":[{"href":"https:\/\/www.sudoestehoje.com.br\/novoportal\/wp-json\/wp\/v2\/media?parent=22160"}],"wp:term":[{"taxonomy":"category","embeddable":true,"href":"https:\/\/www.sudoestehoje.com.br\/novoportal\/wp-json\/wp\/v2\/categories?post=22160"},{"taxonomy":"post_tag","embeddable":true,"href":"https:\/\/www.sudoestehoje.com.br\/novoportal\/wp-json\/wp\/v2\/tags?post=22160"}],"curies":[{"name":"wp","href":"https:\/\/api.w.org\/{rel}","templated":true}]}}