
{"id":22156,"date":"2012-11-20T13:37:28","date_gmt":"2012-11-20T16:37:28","guid":{"rendered":"http:\/\/www.sudoestehoje.com.br\/novoportal\/?p=22156"},"modified":"2012-11-20T13:38:10","modified_gmt":"2012-11-20T16:38:10","slug":"vulcabras-azaleia-demite-200-funcionarios-por-dia-em-itapetinga","status":"publish","type":"post","link":"https:\/\/www.sudoestehoje.com.br\/novoportal\/2012\/11\/20\/vulcabras-azaleia-demite-200-funcionarios-por-dia-em-itapetinga\/","title":{"rendered":"VULCABRAS &#8211; AZALEIA DEMITE 200 FUNCION\u00c1RIOS POR DIA EM ITAPETINGA"},"content":{"rendered":"<p><img decoding=\"async\" class=\"alignleft\" src=\"http:\/\/www.blogdothame.blog.br\/v1\/wp-content\/uploads\/azaleia-itapetinga1.jpg\" alt=\"\" \/>ITAPETINGA: Apesar dos desmentidos oficiais e do sil\u00eancio da empresa, a Vulcabras-Azaleia j\u00e1 vem colocando em pr\u00e1tica a sua pol\u00edtica de demiss\u00f5es que deve atingir cerca de 30% do total de seus 12 mil colaboradores at\u00e9 o in\u00edcio de dezembro.\u00a0Os comerciantes j\u00e1 come\u00e7aram a contabilizar os preju\u00edzos causados pela crise e a expectativa \u00e9 pessimista, devendo levar ao fechamento de lojas do com\u00e9rcio e mercadinhos a partir de janeiro de 2013.<\/p>\n<p>As demiss\u00f5es v\u00eam sendo feitas de forma paulatina, mas a meta \u00e9 demitir cerca de 3 mil funcion\u00e1rios e fechar todas as filiais localizadas nas cidades da regi\u00e3o. O sindicato da categoria homologa em m\u00e9dia 100 contratos de trabalho por dia e a crise gerada com as demiss\u00f5es dever\u00e1 causar um impacto negativo na economia regional, devendo se agravar no decorrer de 2013, com o fechamento definitivo da f\u00e1brica na regi\u00e3o.<\/p>\n<p><strong><em>Por Davi Ferraz\u00a0<\/em><\/strong><\/p>\n","protected":false},"excerpt":{"rendered":"<p>ITAPETINGA: Apesar dos desmentidos oficiais e do sil\u00eancio da empresa, a Vulcabras-Azaleia j\u00e1 vem colocando em pr\u00e1tica a sua pol\u00edtica de demiss\u00f5es que deve atingir cerca de 30% do total de seus 12 mil colaboradores at\u00e9 o in\u00edcio de dezembro.\u00a0Os comerciantes j\u00e1 come\u00e7aram a contabilizar os preju\u00edzos causados pela crise e a expectativa \u00e9 pessimista, [&hellip;]<\/p>\n","protected":false},"author":2,"featured_media":0,"comment_status":"open","ping_status":"open","sticky":false,"template":"","format":"standard","meta":{"footnotes":"","_links_to":"","_links_to_target":""},"categories":[1],"tags":[],"class_list":["post-22156","post","type-post","status-publish","format-standard","hentry","category-geral"],"views":2060,"_links":{"self":[{"href":"https:\/\/www.sudoestehoje.com.br\/novoportal\/wp-json\/wp\/v2\/posts\/22156","targetHints":{"allow":["GET"]}}],"collection":[{"href":"https:\/\/www.sudoestehoje.com.br\/novoportal\/wp-json\/wp\/v2\/posts"}],"about":[{"href":"https:\/\/www.sudoestehoje.com.br\/novoportal\/wp-json\/wp\/v2\/types\/post"}],"author":[{"embeddable":true,"href":"https:\/\/www.sudoestehoje.com.br\/novoportal\/wp-json\/wp\/v2\/users\/2"}],"replies":[{"embeddable":true,"href":"https:\/\/www.sudoestehoje.com.br\/novoportal\/wp-json\/wp\/v2\/comments?post=22156"}],"version-history":[{"count":4,"href":"https:\/\/www.sudoestehoje.com.br\/novoportal\/wp-json\/wp\/v2\/posts\/22156\/revisions"}],"predecessor-version":[{"id":22159,"href":"https:\/\/www.sudoestehoje.com.br\/novoportal\/wp-json\/wp\/v2\/posts\/22156\/revisions\/22159"}],"wp:attachment":[{"href":"https:\/\/www.sudoestehoje.com.br\/novoportal\/wp-json\/wp\/v2\/media?parent=22156"}],"wp:term":[{"taxonomy":"category","embeddable":true,"href":"https:\/\/www.sudoestehoje.com.br\/novoportal\/wp-json\/wp\/v2\/categories?post=22156"},{"taxonomy":"post_tag","embeddable":true,"href":"https:\/\/www.sudoestehoje.com.br\/novoportal\/wp-json\/wp\/v2\/tags?post=22156"}],"curies":[{"name":"wp","href":"https:\/\/api.w.org\/{rel}","templated":true}]}}