
{"id":22145,"date":"2012-11-19T20:54:05","date_gmt":"2012-11-19T23:54:05","guid":{"rendered":"http:\/\/www.sudoestehoje.com.br\/novoportal\/?p=22145"},"modified":"2012-11-19T20:54:05","modified_gmt":"2012-11-19T23:54:05","slug":"wagner-e-acm-neto-tem-encontro-marcado-para-esta-terca","status":"publish","type":"post","link":"https:\/\/www.sudoestehoje.com.br\/novoportal\/2012\/11\/19\/wagner-e-acm-neto-tem-encontro-marcado-para-esta-terca\/","title":{"rendered":"WAGNER E ACM NETO T\u00caM ENCONTRO MARCADO PARA ESTA TER\u00c7A"},"content":{"rendered":"<p><img decoding=\"async\" class=\"aligncenter\" src=\"http:\/\/www.bahianoticias.com.br\/fotos\/principal_noticias\/126498\/IMAGEM_NOTICIA_5.jpg\" alt=\"ACM Neto e Jaques Wagner se encontram oficialmente nesta ter\u00e7a\" width=\"400\" \/><\/p>\n<p>&nbsp;<\/p>\n<p>O governador da Bahia, Jaques Wagner (PT), receber\u00e1 nesta ter\u00e7a-feira (20) o prefeito eleito de Salvador, ACM Neto (DEM). O primeiro encontro oficial entre o chefe do Executivo estadual e o futuro administrador da capital baiana est\u00e1 marcado para \u00e0s 11h, na Governadoria, no Centro Administrativo da Bahia (CAB). Na pauta, segundo a assessoria do l\u00edder baiano, &#8220;projetos de interesse da cidade&#8221;. BN<\/p>\n","protected":false},"excerpt":{"rendered":"<p>&nbsp; O governador da Bahia, Jaques Wagner (PT), receber\u00e1 nesta ter\u00e7a-feira (20) o prefeito eleito de Salvador, ACM Neto (DEM). O primeiro encontro oficial entre o chefe do Executivo estadual e o futuro administrador da capital baiana est\u00e1 marcado para \u00e0s 11h, na Governadoria, no Centro Administrativo da Bahia (CAB). Na pauta, segundo a assessoria [&hellip;]<\/p>\n","protected":false},"author":2,"featured_media":0,"comment_status":"open","ping_status":"open","sticky":false,"template":"","format":"standard","meta":{"footnotes":"","_links_to":"","_links_to_target":""},"categories":[1],"tags":[],"class_list":["post-22145","post","type-post","status-publish","format-standard","hentry","category-geral"],"views":1093,"_links":{"self":[{"href":"https:\/\/www.sudoestehoje.com.br\/novoportal\/wp-json\/wp\/v2\/posts\/22145","targetHints":{"allow":["GET"]}}],"collection":[{"href":"https:\/\/www.sudoestehoje.com.br\/novoportal\/wp-json\/wp\/v2\/posts"}],"about":[{"href":"https:\/\/www.sudoestehoje.com.br\/novoportal\/wp-json\/wp\/v2\/types\/post"}],"author":[{"embeddable":true,"href":"https:\/\/www.sudoestehoje.com.br\/novoportal\/wp-json\/wp\/v2\/users\/2"}],"replies":[{"embeddable":true,"href":"https:\/\/www.sudoestehoje.com.br\/novoportal\/wp-json\/wp\/v2\/comments?post=22145"}],"version-history":[{"count":3,"href":"https:\/\/www.sudoestehoje.com.br\/novoportal\/wp-json\/wp\/v2\/posts\/22145\/revisions"}],"predecessor-version":[{"id":22148,"href":"https:\/\/www.sudoestehoje.com.br\/novoportal\/wp-json\/wp\/v2\/posts\/22145\/revisions\/22148"}],"wp:attachment":[{"href":"https:\/\/www.sudoestehoje.com.br\/novoportal\/wp-json\/wp\/v2\/media?parent=22145"}],"wp:term":[{"taxonomy":"category","embeddable":true,"href":"https:\/\/www.sudoestehoje.com.br\/novoportal\/wp-json\/wp\/v2\/categories?post=22145"},{"taxonomy":"post_tag","embeddable":true,"href":"https:\/\/www.sudoestehoje.com.br\/novoportal\/wp-json\/wp\/v2\/tags?post=22145"}],"curies":[{"name":"wp","href":"https:\/\/api.w.org\/{rel}","templated":true}]}}