
{"id":22111,"date":"2012-11-17T22:04:12","date_gmt":"2012-11-18T01:04:12","guid":{"rendered":"http:\/\/www.sudoestehoje.com.br\/novoportal\/?p=22111"},"modified":"2012-11-17T22:04:12","modified_gmt":"2012-11-18T01:04:12","slug":"if-baiano-abre-inscricoes-do-processo-seletivo-para-ingresso-de-alunos","status":"publish","type":"post","link":"https:\/\/www.sudoestehoje.com.br\/novoportal\/2012\/11\/17\/if-baiano-abre-inscricoes-do-processo-seletivo-para-ingresso-de-alunos\/","title":{"rendered":"IF BAIANO ABRE INSCRI\u00c7\u00d5ES DO PROCESSO SELETIVO PARA INGRESSO DE ALUNOS"},"content":{"rendered":"<p><a href=\"http:\/\/www.sudoestehoje.com.br\/novoportal\/wp-content\/uploads\/2012\/11\/Banner.jpg\"><img loading=\"lazy\" decoding=\"async\" class=\"aligncenter size-medium wp-image-22112\" title=\"Banner\" src=\"http:\/\/www.sudoestehoje.com.br\/novoportal\/wp-content\/uploads\/2012\/11\/Banner-500x186.jpg\" alt=\"\" width=\"500\" height=\"186\" srcset=\"https:\/\/www.sudoestehoje.com.br\/novoportal\/wp-content\/uploads\/2012\/11\/Banner-500x186.jpg 500w, https:\/\/www.sudoestehoje.com.br\/novoportal\/wp-content\/uploads\/2012\/11\/Banner-700x260.jpg 700w, https:\/\/www.sudoestehoje.com.br\/novoportal\/wp-content\/uploads\/2012\/11\/Banner.jpg 747w\" sizes=\"auto, (max-width: 500px) 100vw, 500px\" \/><\/a><\/p>\n<p>&nbsp;<\/p>\n<p>As inscri\u00e7\u00f5es do Processo Seletivo 2013 para ingressos de estudantes do Instituto Federal Baiano \u2013 IF Baiano foram reabertas no dia 12 de novembro. Os interessados t\u00eam at\u00e9 o dia 30 de novembro para efetivar a inscri\u00e7\u00e3o.<\/p>\n<p>No dia 24 de outubro, o IF Baiano\u00a0<strong>suspendeu temporariamente<\/strong>\u00a0as inscri\u00e7\u00f5es para se adequar \u00e0 *<a href=\"http:\/\/www.ifbaiano.edu.br\/reitoria\/wp-content\/uploads\/2012\/10\/L12711.pdf\" target=\"_blank\">Lei n\u00ba 12.711<\/a>, ao\u00a0<a href=\"http:\/\/www.ifbaiano.edu.br\/reitoria\/wp-content\/uploads\/2012\/10\/Decreto-n-7824.pdf\" target=\"_blank\">Decreto n\u00ba 7824\u00a0<\/a>e \u00e0\u00a0<a href=\"http:\/\/www.ifbaiano.edu.br\/reitoria\/wp-content\/uploads\/2012\/10\/PORTARIA-NORMATIVA-N-18.pdf\" target=\"_blank\">Portaria Normativa n\u00ba 18<\/a>, referentes \u00e0s Cotas.<\/p>\n<p>Os candidatos que se inscreveram antes da suspens\u00e3o tempor\u00e1ria dever\u00e3o fazer as altera\u00e7\u00f5es da sua inscri\u00e7\u00e3o a partir do dia\u00a0<strong>12 de novembro de 2012\u00a0<\/strong>pela p\u00e1gina\u00a0<a href=\"http:\/\/www.ifbaiano.edu.br\/concursos\/portal\/discente2013\/\" target=\"_blank\"><strong>concursos.ifbaiano.edu.br<\/strong><\/a><\/p>\n<p>*A Lei n\u00ba 12.711, de 29 de agosto de 2012, disp\u00f5e sobre o ingresso nas universidades federais e nas institui\u00e7\u00f5es federais de ensino t\u00e9cnico de n\u00edvel m\u00e9dio; O Decreto n\u00ba 7824, de 11 de outubro de 2012, e a Instru\u00e7\u00e3o Normativa n\u00ba 18, de 11 de outubro de 2012, foram publicados no dia 15 de outubro de 2012.<\/p>\n<p><strong><em>Ascom \/ IF Baiano<\/em><\/strong><\/p>\n","protected":false},"excerpt":{"rendered":"<p>&nbsp; As inscri\u00e7\u00f5es do Processo Seletivo 2013 para ingressos de estudantes do Instituto Federal Baiano \u2013 IF Baiano foram reabertas no dia 12 de novembro. Os interessados t\u00eam at\u00e9 o dia 30 de novembro para efetivar a inscri\u00e7\u00e3o. No dia 24 de outubro, o IF Baiano\u00a0suspendeu temporariamente\u00a0as inscri\u00e7\u00f5es para se adequar \u00e0 *Lei n\u00ba 12.711, [&hellip;]<\/p>\n","protected":false},"author":2,"featured_media":0,"comment_status":"open","ping_status":"open","sticky":false,"template":"","format":"standard","meta":{"footnotes":"","_links_to":"","_links_to_target":""},"categories":[1],"tags":[],"class_list":["post-22111","post","type-post","status-publish","format-standard","hentry","category-geral"],"views":1118,"_links":{"self":[{"href":"https:\/\/www.sudoestehoje.com.br\/novoportal\/wp-json\/wp\/v2\/posts\/22111","targetHints":{"allow":["GET"]}}],"collection":[{"href":"https:\/\/www.sudoestehoje.com.br\/novoportal\/wp-json\/wp\/v2\/posts"}],"about":[{"href":"https:\/\/www.sudoestehoje.com.br\/novoportal\/wp-json\/wp\/v2\/types\/post"}],"author":[{"embeddable":true,"href":"https:\/\/www.sudoestehoje.com.br\/novoportal\/wp-json\/wp\/v2\/users\/2"}],"replies":[{"embeddable":true,"href":"https:\/\/www.sudoestehoje.com.br\/novoportal\/wp-json\/wp\/v2\/comments?post=22111"}],"version-history":[{"count":3,"href":"https:\/\/www.sudoestehoje.com.br\/novoportal\/wp-json\/wp\/v2\/posts\/22111\/revisions"}],"predecessor-version":[{"id":22115,"href":"https:\/\/www.sudoestehoje.com.br\/novoportal\/wp-json\/wp\/v2\/posts\/22111\/revisions\/22115"}],"wp:attachment":[{"href":"https:\/\/www.sudoestehoje.com.br\/novoportal\/wp-json\/wp\/v2\/media?parent=22111"}],"wp:term":[{"taxonomy":"category","embeddable":true,"href":"https:\/\/www.sudoestehoje.com.br\/novoportal\/wp-json\/wp\/v2\/categories?post=22111"},{"taxonomy":"post_tag","embeddable":true,"href":"https:\/\/www.sudoestehoje.com.br\/novoportal\/wp-json\/wp\/v2\/tags?post=22111"}],"curies":[{"name":"wp","href":"https:\/\/api.w.org\/{rel}","templated":true}]}}