
{"id":22106,"date":"2012-11-17T18:20:59","date_gmt":"2012-11-17T21:20:59","guid":{"rendered":"http:\/\/www.sudoestehoje.com.br\/novoportal\/?p=22106"},"modified":"2012-11-17T18:26:49","modified_gmt":"2012-11-17T21:26:49","slug":"uruguai-criara-estatal-da-maconha","status":"publish","type":"post","link":"https:\/\/www.sudoestehoje.com.br\/novoportal\/2012\/11\/17\/uruguai-criara-estatal-da-maconha\/","title":{"rendered":"URUGUAI CRIA ESTATAL DA MACONHA"},"content":{"rendered":"<p><img decoding=\"async\" class=\"aligncenter\" src=\"http:\/\/www.estadao.com.br\/fotos\/maconha288.jpg\" alt=\"\" width=\"400\" \/><\/p>\n<p style=\"text-align: center;\"><em>\u00a0A erva ser\u00e1 totalmente liberada no pa\u00eds vizinho\u00a0<\/em><\/p>\n<p>&nbsp;<\/p>\n<p>Um projeto de lei, que come\u00e7ou a tramitar no parlamento uruguaio, na \u00faltima quinta-feira (15), prop\u00f5e a cria\u00e7\u00e3o do <em>Instituto Nacional da Cannabis<\/em>. Trata-se de uma esp\u00e9cie de empresa estatal, que assumir\u00e1 a administra\u00e7\u00e3o da produ\u00e7\u00e3o e venda de maconha no pa\u00eds. O \u00f3rg\u00e3o ir\u00e1 controlar todas as atividades relacionadas \u00e0 planta, do cultivo ao consumo, e ficar\u00e1 respons\u00e1vel por licenciar indiv\u00edduos e empresas para produzir e vender maconha para consumo <em>recreativo, medicinal ou industrial.<\/em><\/p>\n<p>De acordo com o jornal El Nuevo Herald, o Instituto dever\u00e1 assumir &#8220;o controle e a regulamenta\u00e7\u00e3o de atividades de importa\u00e7\u00e3o, exporta\u00e7\u00e3o, planta\u00e7\u00e3o, cultivo, colheita, aquisi\u00e7\u00e3o, armazenamento, comercializa\u00e7\u00e3o e distribui\u00e7\u00e3o da cannabis ou seus derivados&#8221;. O projeto de lei tamb\u00e9m permite que qualquer pessoa possa plantar, em sua casa, uma quantidade limitada da erva.<\/p>\n<p>Poder\u00e3o ainda ser criadas associa\u00e7\u00f5es que se encarregar\u00e3o de fornecer sementes da cannabis para seus membros. A ideia da proposta \u00e9 reduzir o tr\u00e1fico de drogas no pa\u00eds e, consequentemente, a viol\u00eancia a ele associada. O governo tamb\u00e9m espera que a libera\u00e7\u00e3o do consumo da maconha possa contribuir significativamente para reduzir o consumo de coca\u00edna, principalmente entre os jovens.<\/p>\n<p>Em dezembro, o projeto ser\u00e1 votado na C\u00e2mara dos Deputados e deve ser avaliado pelo Senado no in\u00edcio do ano que vem. Se for aprovada, a cria\u00e7\u00e3o de infraestrutura para colocar a lei em pr\u00e1tica poder\u00e1 durar todo o ano de 2013.<\/p>\n","protected":false},"excerpt":{"rendered":"<p>\u00a0A erva ser\u00e1 totalmente liberada no pa\u00eds vizinho\u00a0 &nbsp; Um projeto de lei, que come\u00e7ou a tramitar no parlamento uruguaio, na \u00faltima quinta-feira (15), prop\u00f5e a cria\u00e7\u00e3o do Instituto Nacional da Cannabis. Trata-se de uma esp\u00e9cie de empresa estatal, que assumir\u00e1 a administra\u00e7\u00e3o da produ\u00e7\u00e3o e venda de maconha no pa\u00eds. O \u00f3rg\u00e3o ir\u00e1 controlar [&hellip;]<\/p>\n","protected":false},"author":2,"featured_media":0,"comment_status":"open","ping_status":"open","sticky":false,"template":"","format":"standard","meta":{"footnotes":"","_links_to":"","_links_to_target":""},"categories":[1],"tags":[],"class_list":["post-22106","post","type-post","status-publish","format-standard","hentry","category-geral"],"views":1409,"_links":{"self":[{"href":"https:\/\/www.sudoestehoje.com.br\/novoportal\/wp-json\/wp\/v2\/posts\/22106","targetHints":{"allow":["GET"]}}],"collection":[{"href":"https:\/\/www.sudoestehoje.com.br\/novoportal\/wp-json\/wp\/v2\/posts"}],"about":[{"href":"https:\/\/www.sudoestehoje.com.br\/novoportal\/wp-json\/wp\/v2\/types\/post"}],"author":[{"embeddable":true,"href":"https:\/\/www.sudoestehoje.com.br\/novoportal\/wp-json\/wp\/v2\/users\/2"}],"replies":[{"embeddable":true,"href":"https:\/\/www.sudoestehoje.com.br\/novoportal\/wp-json\/wp\/v2\/comments?post=22106"}],"version-history":[{"count":4,"href":"https:\/\/www.sudoestehoje.com.br\/novoportal\/wp-json\/wp\/v2\/posts\/22106\/revisions"}],"predecessor-version":[{"id":22109,"href":"https:\/\/www.sudoestehoje.com.br\/novoportal\/wp-json\/wp\/v2\/posts\/22106\/revisions\/22109"}],"wp:attachment":[{"href":"https:\/\/www.sudoestehoje.com.br\/novoportal\/wp-json\/wp\/v2\/media?parent=22106"}],"wp:term":[{"taxonomy":"category","embeddable":true,"href":"https:\/\/www.sudoestehoje.com.br\/novoportal\/wp-json\/wp\/v2\/categories?post=22106"},{"taxonomy":"post_tag","embeddable":true,"href":"https:\/\/www.sudoestehoje.com.br\/novoportal\/wp-json\/wp\/v2\/tags?post=22106"}],"curies":[{"name":"wp","href":"https:\/\/api.w.org\/{rel}","templated":true}]}}