
{"id":22100,"date":"2012-11-17T00:44:54","date_gmt":"2012-11-17T03:44:54","guid":{"rendered":"http:\/\/www.sudoestehoje.com.br\/novoportal\/?p=22100"},"modified":"2012-11-17T00:44:54","modified_gmt":"2012-11-17T03:44:54","slug":"violencia-orquestrada","status":"publish","type":"post","link":"https:\/\/www.sudoestehoje.com.br\/novoportal\/2012\/11\/17\/violencia-orquestrada\/","title":{"rendered":"VIOL\u00caNCIA ORQUESTRADA"},"content":{"rendered":"<p><img decoding=\"async\" class=\"aligncenter\" src=\"http:\/\/genesis.brasilportais.com.br\/webroot\/img\/materias\/imagem_643b36f345.jpg\" alt=\"\" width=\"150\" \/><\/p>\n<p>S\u00e3o Paulo e Santa Catarina est\u00e3o sob ataque do crime organizado. Seria ingenuidade imaginar que a Bahia, recordista em n\u00famero de homic\u00eddios, no pa\u00eds, est\u00e1 fora dos planos da marginalidade. A Secretaria de Seguran\u00e7a P\u00fablica precisa estar atenta e preparada. E a popula\u00e7\u00e3o precisa ver policiais na rua, o que hoje \u00e9 raro (Tribuna).<\/p>\n","protected":false},"excerpt":{"rendered":"<p>S\u00e3o Paulo e Santa Catarina est\u00e3o sob ataque do crime organizado. Seria ingenuidade imaginar que a Bahia, recordista em n\u00famero de homic\u00eddios, no pa\u00eds, est\u00e1 fora dos planos da marginalidade. A Secretaria de Seguran\u00e7a P\u00fablica precisa estar atenta e preparada. E a popula\u00e7\u00e3o precisa ver policiais na rua, o que hoje \u00e9 raro (Tribuna).<\/p>\n","protected":false},"author":2,"featured_media":0,"comment_status":"open","ping_status":"open","sticky":false,"template":"","format":"standard","meta":{"footnotes":"","_links_to":"","_links_to_target":""},"categories":[11],"tags":[],"class_list":["post-22100","post","type-post","status-publish","format-standard","hentry","category-quentinhas"],"views":1247,"_links":{"self":[{"href":"https:\/\/www.sudoestehoje.com.br\/novoportal\/wp-json\/wp\/v2\/posts\/22100","targetHints":{"allow":["GET"]}}],"collection":[{"href":"https:\/\/www.sudoestehoje.com.br\/novoportal\/wp-json\/wp\/v2\/posts"}],"about":[{"href":"https:\/\/www.sudoestehoje.com.br\/novoportal\/wp-json\/wp\/v2\/types\/post"}],"author":[{"embeddable":true,"href":"https:\/\/www.sudoestehoje.com.br\/novoportal\/wp-json\/wp\/v2\/users\/2"}],"replies":[{"embeddable":true,"href":"https:\/\/www.sudoestehoje.com.br\/novoportal\/wp-json\/wp\/v2\/comments?post=22100"}],"version-history":[{"count":2,"href":"https:\/\/www.sudoestehoje.com.br\/novoportal\/wp-json\/wp\/v2\/posts\/22100\/revisions"}],"predecessor-version":[{"id":22102,"href":"https:\/\/www.sudoestehoje.com.br\/novoportal\/wp-json\/wp\/v2\/posts\/22100\/revisions\/22102"}],"wp:attachment":[{"href":"https:\/\/www.sudoestehoje.com.br\/novoportal\/wp-json\/wp\/v2\/media?parent=22100"}],"wp:term":[{"taxonomy":"category","embeddable":true,"href":"https:\/\/www.sudoestehoje.com.br\/novoportal\/wp-json\/wp\/v2\/categories?post=22100"},{"taxonomy":"post_tag","embeddable":true,"href":"https:\/\/www.sudoestehoje.com.br\/novoportal\/wp-json\/wp\/v2\/tags?post=22100"}],"curies":[{"name":"wp","href":"https:\/\/api.w.org\/{rel}","templated":true}]}}