
{"id":22062,"date":"2012-11-16T00:00:11","date_gmt":"2012-11-16T03:00:11","guid":{"rendered":"http:\/\/www.sudoestehoje.com.br\/novoportal\/?p=22062"},"modified":"2012-11-15T22:49:14","modified_gmt":"2012-11-16T01:49:14","slug":"professores-estaduais-farao-duas-paralisacoes-em-novembro","status":"publish","type":"post","link":"https:\/\/www.sudoestehoje.com.br\/novoportal\/2012\/11\/16\/professores-estaduais-farao-duas-paralisacoes-em-novembro\/","title":{"rendered":"PROFESSORES ESTADUAIS FAR\u00c3O DUAS PARALISA\u00c7\u00d5ES EM NOVEMBRO"},"content":{"rendered":"<p style=\"text-align: center;\"><img decoding=\"async\" class=\"aligncenter\" src=\"http:\/\/www.bahianoticias.com.br\/fotos\/principal_noticias\/126333\/IMAGEM_NOTICIA_5.jpg\" alt=\"Professores anunciam duas paralisa\u00e7\u00f5es e decidem que calend\u00e1rio letivo de 2013 deve ser \u00fanico\" width=\"400\" \/><\/p>\n<p style=\"text-align: center;\">\u00a0<em>Assembleia decide por calend\u00e1rio letivo \u00fanico em 2013\u00a0<\/em><\/p>\n<p>&nbsp;<\/p>\n<p>Em assembleia realizada nesta quarta-feira (14), os professores da Rede Estadual de Ensino decidiram que o calend\u00e1rio letivo para 2013 deve ser \u00fanico \u2013 como prop\u00f5e a APLB, o sindicato da categoria, e n\u00e3o dois, como pretende o governo do Estado.<\/p>\n<p>Os docentes decidiram ainda realizar duas paralisa\u00e7\u00f5es. A primeira na pr\u00f3xima ter\u00e7a (20) com manifesta\u00e7\u00e3o, seguida de passeata \u00e0s 15h da Pra\u00e7a do Campo Grande at\u00e9 a Est\u00e1tua de Zumbi, na Pra\u00e7a da \u00a0S\u00e9. A outra ser\u00e1 realizada no dia 27 de novembro, \u00e0s 9 horas. Os educadores realizam uma assembleia, sem local ainda definido.<\/p>\n<p><strong><a href=\"http:\/\/www.aplbsindicato.org.br\/estadualeinterior\/wp-content\/uploads\/2012\/11\/Calend%C3%A1rio-letivo-2013-proposta-da-APLB-Sindicato-II-1.jpg\" target=\"_blank\">Clique aqui e veja o calend\u00e1rio aprovado.\u00a0<\/a><\/strong><\/p>\n","protected":false},"excerpt":{"rendered":"<p>\u00a0Assembleia decide por calend\u00e1rio letivo \u00fanico em 2013\u00a0 &nbsp; Em assembleia realizada nesta quarta-feira (14), os professores da Rede Estadual de Ensino decidiram que o calend\u00e1rio letivo para 2013 deve ser \u00fanico \u2013 como prop\u00f5e a APLB, o sindicato da categoria, e n\u00e3o dois, como pretende o governo do Estado. Os docentes decidiram ainda realizar [&hellip;]<\/p>\n","protected":false},"author":2,"featured_media":0,"comment_status":"open","ping_status":"open","sticky":false,"template":"","format":"standard","meta":{"footnotes":"","_links_to":"","_links_to_target":""},"categories":[1],"tags":[],"class_list":["post-22062","post","type-post","status-publish","format-standard","hentry","category-geral"],"views":1230,"_links":{"self":[{"href":"https:\/\/www.sudoestehoje.com.br\/novoportal\/wp-json\/wp\/v2\/posts\/22062","targetHints":{"allow":["GET"]}}],"collection":[{"href":"https:\/\/www.sudoestehoje.com.br\/novoportal\/wp-json\/wp\/v2\/posts"}],"about":[{"href":"https:\/\/www.sudoestehoje.com.br\/novoportal\/wp-json\/wp\/v2\/types\/post"}],"author":[{"embeddable":true,"href":"https:\/\/www.sudoestehoje.com.br\/novoportal\/wp-json\/wp\/v2\/users\/2"}],"replies":[{"embeddable":true,"href":"https:\/\/www.sudoestehoje.com.br\/novoportal\/wp-json\/wp\/v2\/comments?post=22062"}],"version-history":[{"count":4,"href":"https:\/\/www.sudoestehoje.com.br\/novoportal\/wp-json\/wp\/v2\/posts\/22062\/revisions"}],"predecessor-version":[{"id":22066,"href":"https:\/\/www.sudoestehoje.com.br\/novoportal\/wp-json\/wp\/v2\/posts\/22062\/revisions\/22066"}],"wp:attachment":[{"href":"https:\/\/www.sudoestehoje.com.br\/novoportal\/wp-json\/wp\/v2\/media?parent=22062"}],"wp:term":[{"taxonomy":"category","embeddable":true,"href":"https:\/\/www.sudoestehoje.com.br\/novoportal\/wp-json\/wp\/v2\/categories?post=22062"},{"taxonomy":"post_tag","embeddable":true,"href":"https:\/\/www.sudoestehoje.com.br\/novoportal\/wp-json\/wp\/v2\/tags?post=22062"}],"curies":[{"name":"wp","href":"https:\/\/api.w.org\/{rel}","templated":true}]}}