
{"id":22044,"date":"2012-11-15T12:39:59","date_gmt":"2012-11-15T15:39:59","guid":{"rendered":"http:\/\/www.sudoestehoje.com.br\/novoportal\/?p=22044"},"modified":"2012-11-15T12:39:59","modified_gmt":"2012-11-15T15:39:59","slug":"reus-do-mensalao-se-preparam-para-passar-o-natal-na-cadeia","status":"publish","type":"post","link":"https:\/\/www.sudoestehoje.com.br\/novoportal\/2012\/11\/15\/reus-do-mensalao-se-preparam-para-passar-o-natal-na-cadeia\/","title":{"rendered":"R\u00c9US DO MENSAL\u00c3O SE PREPARAM PARA PASSAR O NATAL NA CADEIA"},"content":{"rendered":"<p style=\"text-align: center;\"><img decoding=\"async\" class=\"aligncenter\" src=\"http:\/\/images.orkut.com\/orkut\/photos\/PQAAABqJ1od541wRYY1v8a6GOGfnzrSV4COGFAlfYxhraJp8Bjt81wn06jLvatiOrwbyRSejbcVVMDlnnMI-T649a0EAm1T1UPRFf9i4nPRX6v171-O7l1rXukQj.jpg\" alt=\"\" width=\"400\" \/><\/p>\n<p>&nbsp;<\/p>\n<p>Condenados no julgamento do mensal\u00e3o j\u00e1 se preparam para passar o Natal na cadeia por acreditarem que o Supremo Tribunal Federal (STF) pode acatar pedido do Minist\u00e9rio P\u00fablico e determinar a pris\u00e3o dos condenados, informa a coluna de M\u00f4nica Bergamo, da Folha de S. Paulo. No entanto, de acordo com a jornalista, nem todos os ministros da Corte concordam com a pris\u00e3o imediata dos r\u00e9us e preferem a defini\u00e7\u00e3o da pena de todos os envolvidos ao final do julgamento. Ainda segundo a coluna, o ex-ministro Jos\u00e9 Dirceu tem repreendido parentes e amigos que choram ao telefone com a perspectiva de pris\u00e3o que se aproxima. O petista garante estar preparado para o pior e afirma que ter\u00e1 uma rotina na cela, com exerc\u00edcios f\u00edsicos e estudo.<\/p>\n","protected":false},"excerpt":{"rendered":"<p>&nbsp; Condenados no julgamento do mensal\u00e3o j\u00e1 se preparam para passar o Natal na cadeia por acreditarem que o Supremo Tribunal Federal (STF) pode acatar pedido do Minist\u00e9rio P\u00fablico e determinar a pris\u00e3o dos condenados, informa a coluna de M\u00f4nica Bergamo, da Folha de S. Paulo. No entanto, de acordo com a jornalista, nem todos [&hellip;]<\/p>\n","protected":false},"author":2,"featured_media":0,"comment_status":"open","ping_status":"open","sticky":false,"template":"","format":"standard","meta":{"footnotes":"","_links_to":"","_links_to_target":""},"categories":[1],"tags":[],"class_list":["post-22044","post","type-post","status-publish","format-standard","hentry","category-geral"],"views":1347,"_links":{"self":[{"href":"https:\/\/www.sudoestehoje.com.br\/novoportal\/wp-json\/wp\/v2\/posts\/22044","targetHints":{"allow":["GET"]}}],"collection":[{"href":"https:\/\/www.sudoestehoje.com.br\/novoportal\/wp-json\/wp\/v2\/posts"}],"about":[{"href":"https:\/\/www.sudoestehoje.com.br\/novoportal\/wp-json\/wp\/v2\/types\/post"}],"author":[{"embeddable":true,"href":"https:\/\/www.sudoestehoje.com.br\/novoportal\/wp-json\/wp\/v2\/users\/2"}],"replies":[{"embeddable":true,"href":"https:\/\/www.sudoestehoje.com.br\/novoportal\/wp-json\/wp\/v2\/comments?post=22044"}],"version-history":[{"count":4,"href":"https:\/\/www.sudoestehoje.com.br\/novoportal\/wp-json\/wp\/v2\/posts\/22044\/revisions"}],"predecessor-version":[{"id":22048,"href":"https:\/\/www.sudoestehoje.com.br\/novoportal\/wp-json\/wp\/v2\/posts\/22044\/revisions\/22048"}],"wp:attachment":[{"href":"https:\/\/www.sudoestehoje.com.br\/novoportal\/wp-json\/wp\/v2\/media?parent=22044"}],"wp:term":[{"taxonomy":"category","embeddable":true,"href":"https:\/\/www.sudoestehoje.com.br\/novoportal\/wp-json\/wp\/v2\/categories?post=22044"},{"taxonomy":"post_tag","embeddable":true,"href":"https:\/\/www.sudoestehoje.com.br\/novoportal\/wp-json\/wp\/v2\/tags?post=22044"}],"curies":[{"name":"wp","href":"https:\/\/api.w.org\/{rel}","templated":true}]}}