
{"id":22032,"date":"2012-11-15T00:01:01","date_gmt":"2012-11-15T03:01:01","guid":{"rendered":"http:\/\/www.sudoestehoje.com.br\/novoportal\/?p=22032"},"modified":"2012-11-14T23:57:35","modified_gmt":"2012-11-15T02:57:35","slug":"ayres-britto-se-despede-do-supremo","status":"publish","type":"post","link":"https:\/\/www.sudoestehoje.com.br\/novoportal\/2012\/11\/15\/ayres-britto-se-despede-do-supremo\/","title":{"rendered":"AYRES BRITTO SE DESPEDE DO SUPREMO"},"content":{"rendered":"<p><img decoding=\"async\" class=\"aligncenter\" src=\"http:\/\/www.claudiohumberto.com.br\/OlalaCMS\/uploads\/midias\/MED_12.11.14-15.45.11-ayres_britto.jpg\" alt=\"Foto\" width=\"400\" \/><\/p>\n<p>&nbsp;<\/p>\n<p>O ministro Ayres Britto se despediu nesta quinta-feira (14) do Supremo Tribunal Federal (STF). Ele definiu a tarde de hoje como \u201cm\u00e1gica e definitiva\u201d, j\u00e1 que entrar\u00e1 em outra fase da vida: de aposentado. \u201cEu sou extremamente feliz, por isso, o tempo passou t\u00e3o r\u00e1pido&#8221;, disse emocionado. Em seu discurso, o ministro ressaltou a import\u00e2ncia de ser um \u201cguardi\u00e3o da Constitui\u00e7\u00e3o Federal\u201d e agradeceu a todos os advogados que o homenagearam: \u201cEu hoje estou sem condi\u00e7\u00f5es de fazer um discurso com come\u00e7o, meio e fim, porque me sinto possu\u00eddo, tomado pela emo\u00e7\u00e3o&#8221;.<\/p>\n","protected":false},"excerpt":{"rendered":"<p>&nbsp; O ministro Ayres Britto se despediu nesta quinta-feira (14) do Supremo Tribunal Federal (STF). Ele definiu a tarde de hoje como \u201cm\u00e1gica e definitiva\u201d, j\u00e1 que entrar\u00e1 em outra fase da vida: de aposentado. \u201cEu sou extremamente feliz, por isso, o tempo passou t\u00e3o r\u00e1pido&#8221;, disse emocionado. Em seu discurso, o ministro ressaltou a [&hellip;]<\/p>\n","protected":false},"author":2,"featured_media":0,"comment_status":"open","ping_status":"open","sticky":false,"template":"","format":"standard","meta":{"footnotes":"","_links_to":"","_links_to_target":""},"categories":[1],"tags":[],"class_list":["post-22032","post","type-post","status-publish","format-standard","hentry","category-geral"],"views":1169,"_links":{"self":[{"href":"https:\/\/www.sudoestehoje.com.br\/novoportal\/wp-json\/wp\/v2\/posts\/22032","targetHints":{"allow":["GET"]}}],"collection":[{"href":"https:\/\/www.sudoestehoje.com.br\/novoportal\/wp-json\/wp\/v2\/posts"}],"about":[{"href":"https:\/\/www.sudoestehoje.com.br\/novoportal\/wp-json\/wp\/v2\/types\/post"}],"author":[{"embeddable":true,"href":"https:\/\/www.sudoestehoje.com.br\/novoportal\/wp-json\/wp\/v2\/users\/2"}],"replies":[{"embeddable":true,"href":"https:\/\/www.sudoestehoje.com.br\/novoportal\/wp-json\/wp\/v2\/comments?post=22032"}],"version-history":[{"count":2,"href":"https:\/\/www.sudoestehoje.com.br\/novoportal\/wp-json\/wp\/v2\/posts\/22032\/revisions"}],"predecessor-version":[{"id":22034,"href":"https:\/\/www.sudoestehoje.com.br\/novoportal\/wp-json\/wp\/v2\/posts\/22032\/revisions\/22034"}],"wp:attachment":[{"href":"https:\/\/www.sudoestehoje.com.br\/novoportal\/wp-json\/wp\/v2\/media?parent=22032"}],"wp:term":[{"taxonomy":"category","embeddable":true,"href":"https:\/\/www.sudoestehoje.com.br\/novoportal\/wp-json\/wp\/v2\/categories?post=22032"},{"taxonomy":"post_tag","embeddable":true,"href":"https:\/\/www.sudoestehoje.com.br\/novoportal\/wp-json\/wp\/v2\/tags?post=22032"}],"curies":[{"name":"wp","href":"https:\/\/api.w.org\/{rel}","templated":true}]}}