
{"id":22028,"date":"2012-11-14T23:29:33","date_gmt":"2012-11-15T02:29:33","guid":{"rendered":"http:\/\/www.sudoestehoje.com.br\/novoportal\/?p=22028"},"modified":"2012-11-15T11:36:45","modified_gmt":"2012-11-15T14:36:45","slug":"feriado-da-independencia-com-chuva","status":"publish","type":"post","link":"https:\/\/www.sudoestehoje.com.br\/novoportal\/2012\/11\/14\/feriado-da-independencia-com-chuva\/","title":{"rendered":"FERIADO DA REP\u00daBLICA COM CHUVA"},"content":{"rendered":"<p><img decoding=\"async\" class=\"aligncenter\" src=\"http:\/\/www.tribunadabahia.com.br\/upload\/images\/20121114045017_previsao-ba.jpg\" alt=\"\" width=\"400\" \/><\/p>\n<p>O feriado\u00a0da Proclama\u00e7\u00e3o da Rep\u00fablica ser\u00e1 marcado por tempo abafado, quente e \u00famido em quase todo o Brasil.<\/p>\n<p>Uma grande \u00e1rea de instabilidade que se formou no Norte do pa\u00eds forma um corredor de umidade e espalha nuvens carregadas em parte das regi\u00f5es Centro-oeste e Sudeste do pa\u00eds. Uma frente fria que est\u00e1 parada entre o norte de Minas Gerais, sul da Bahia e o norte do Esp\u00edrito Santo, favorece a ocorr\u00eancia de chuva\u00a0forte e volumosa.<\/p>\n","protected":false},"excerpt":{"rendered":"<p>O feriado\u00a0da Proclama\u00e7\u00e3o da Rep\u00fablica ser\u00e1 marcado por tempo abafado, quente e \u00famido em quase todo o Brasil. Uma grande \u00e1rea de instabilidade que se formou no Norte do pa\u00eds forma um corredor de umidade e espalha nuvens carregadas em parte das regi\u00f5es Centro-oeste e Sudeste do pa\u00eds. Uma frente fria que est\u00e1 parada entre [&hellip;]<\/p>\n","protected":false},"author":2,"featured_media":0,"comment_status":"open","ping_status":"open","sticky":false,"template":"","format":"standard","meta":{"footnotes":"","_links_to":"","_links_to_target":""},"categories":[1],"tags":[],"class_list":["post-22028","post","type-post","status-publish","format-standard","hentry","category-geral"],"views":1153,"_links":{"self":[{"href":"https:\/\/www.sudoestehoje.com.br\/novoportal\/wp-json\/wp\/v2\/posts\/22028","targetHints":{"allow":["GET"]}}],"collection":[{"href":"https:\/\/www.sudoestehoje.com.br\/novoportal\/wp-json\/wp\/v2\/posts"}],"about":[{"href":"https:\/\/www.sudoestehoje.com.br\/novoportal\/wp-json\/wp\/v2\/types\/post"}],"author":[{"embeddable":true,"href":"https:\/\/www.sudoestehoje.com.br\/novoportal\/wp-json\/wp\/v2\/users\/2"}],"replies":[{"embeddable":true,"href":"https:\/\/www.sudoestehoje.com.br\/novoportal\/wp-json\/wp\/v2\/comments?post=22028"}],"version-history":[{"count":4,"href":"https:\/\/www.sudoestehoje.com.br\/novoportal\/wp-json\/wp\/v2\/posts\/22028\/revisions"}],"predecessor-version":[{"id":22031,"href":"https:\/\/www.sudoestehoje.com.br\/novoportal\/wp-json\/wp\/v2\/posts\/22028\/revisions\/22031"}],"wp:attachment":[{"href":"https:\/\/www.sudoestehoje.com.br\/novoportal\/wp-json\/wp\/v2\/media?parent=22028"}],"wp:term":[{"taxonomy":"category","embeddable":true,"href":"https:\/\/www.sudoestehoje.com.br\/novoportal\/wp-json\/wp\/v2\/categories?post=22028"},{"taxonomy":"post_tag","embeddable":true,"href":"https:\/\/www.sudoestehoje.com.br\/novoportal\/wp-json\/wp\/v2\/tags?post=22028"}],"curies":[{"name":"wp","href":"https:\/\/api.w.org\/{rel}","templated":true}]}}