
{"id":22013,"date":"2012-11-14T17:14:37","date_gmt":"2012-11-14T20:14:37","guid":{"rendered":"http:\/\/www.sudoestehoje.com.br\/novoportal\/?p=22013"},"modified":"2012-11-14T17:14:37","modified_gmt":"2012-11-14T20:14:37","slug":"jequie-justica-desbloqueia-bens-do-prefeito-luiz-amaral","status":"publish","type":"post","link":"https:\/\/www.sudoestehoje.com.br\/novoportal\/2012\/11\/14\/jequie-justica-desbloqueia-bens-do-prefeito-luiz-amaral\/","title":{"rendered":"JEQUI\u00c9: JUSTI\u00c7A DESBLOQUEIA BENS DO PREFEITO LUIZ AMARAL"},"content":{"rendered":"<p><img decoding=\"async\" class=\"aligncenter\" src=\"http:\/\/2.bp.blogspot.com\/-CVqa0dZt22U\/T5GJXvaW16I\/AAAAAAAAKvA\/CoaA05zd5fg\/s1600\/luiz-amaral.jpg\" alt=\"\" width=\"400\" \/><\/p>\n<p>&nbsp;<\/p>\n<p>O prefeito de Jequi\u00e9, Luiz Amaral (PMDB), est\u00e1 livre da liminar que decretou a indisponibilidade de seus bens. Amaral \u00e9 r\u00e9u em a\u00e7\u00e3o civil p\u00fablica na qual \u00e9 acusado de fraudar licita\u00e7\u00e3o e a a\u00e7\u00e3o do MP est\u00e1 fundamentada em parecer pr\u00e9vio do Tribunal de Contas dos Munic\u00edpios (TCM), referente ao ano de 2009.<\/p>\n<p>Nesta segunda-feira, dia 12, a 7\u00aa Vara da Fazenda P\u00fablica de Salvador suspendeu os efeitos do parecer do TCM e concedeu antecipa\u00e7\u00e3o de tutela ao prefeito. A decis\u00e3o que tornara os bens de Amaral indispon\u00edveis foi considerada carente de fundamenta\u00e7\u00e3o.<\/p>\n","protected":false},"excerpt":{"rendered":"<p>&nbsp; O prefeito de Jequi\u00e9, Luiz Amaral (PMDB), est\u00e1 livre da liminar que decretou a indisponibilidade de seus bens. Amaral \u00e9 r\u00e9u em a\u00e7\u00e3o civil p\u00fablica na qual \u00e9 acusado de fraudar licita\u00e7\u00e3o e a a\u00e7\u00e3o do MP est\u00e1 fundamentada em parecer pr\u00e9vio do Tribunal de Contas dos Munic\u00edpios (TCM), referente ao ano de 2009. [&hellip;]<\/p>\n","protected":false},"author":2,"featured_media":0,"comment_status":"open","ping_status":"open","sticky":false,"template":"","format":"standard","meta":{"footnotes":"","_links_to":"","_links_to_target":""},"categories":[1],"tags":[],"class_list":["post-22013","post","type-post","status-publish","format-standard","hentry","category-geral"],"views":1533,"_links":{"self":[{"href":"https:\/\/www.sudoestehoje.com.br\/novoportal\/wp-json\/wp\/v2\/posts\/22013","targetHints":{"allow":["GET"]}}],"collection":[{"href":"https:\/\/www.sudoestehoje.com.br\/novoportal\/wp-json\/wp\/v2\/posts"}],"about":[{"href":"https:\/\/www.sudoestehoje.com.br\/novoportal\/wp-json\/wp\/v2\/types\/post"}],"author":[{"embeddable":true,"href":"https:\/\/www.sudoestehoje.com.br\/novoportal\/wp-json\/wp\/v2\/users\/2"}],"replies":[{"embeddable":true,"href":"https:\/\/www.sudoestehoje.com.br\/novoportal\/wp-json\/wp\/v2\/comments?post=22013"}],"version-history":[{"count":3,"href":"https:\/\/www.sudoestehoje.com.br\/novoportal\/wp-json\/wp\/v2\/posts\/22013\/revisions"}],"predecessor-version":[{"id":22016,"href":"https:\/\/www.sudoestehoje.com.br\/novoportal\/wp-json\/wp\/v2\/posts\/22013\/revisions\/22016"}],"wp:attachment":[{"href":"https:\/\/www.sudoestehoje.com.br\/novoportal\/wp-json\/wp\/v2\/media?parent=22013"}],"wp:term":[{"taxonomy":"category","embeddable":true,"href":"https:\/\/www.sudoestehoje.com.br\/novoportal\/wp-json\/wp\/v2\/categories?post=22013"},{"taxonomy":"post_tag","embeddable":true,"href":"https:\/\/www.sudoestehoje.com.br\/novoportal\/wp-json\/wp\/v2\/tags?post=22013"}],"curies":[{"name":"wp","href":"https:\/\/api.w.org\/{rel}","templated":true}]}}