
{"id":22008,"date":"2012-11-14T16:36:59","date_gmt":"2012-11-14T19:36:59","guid":{"rendered":"http:\/\/www.sudoestehoje.com.br\/novoportal\/?p=22008"},"modified":"2012-11-14T16:37:34","modified_gmt":"2012-11-14T19:37:34","slug":"fabrica-de-calcados-vende-maquinario-para-pagar-funcionarios","status":"publish","type":"post","link":"https:\/\/www.sudoestehoje.com.br\/novoportal\/2012\/11\/14\/fabrica-de-calcados-vende-maquinario-para-pagar-funcionarios\/","title":{"rendered":"F\u00c1BRICA DE CAL\u00c7ADOS VENDE MAQUIN\u00c1RIO PARA PAGAR FUNCION\u00c1RIOS"},"content":{"rendered":"<p><img decoding=\"async\" class=\"aligncenter\" src=\"http:\/\/valenteemnoticias.com\/v2.0\/wp-content\/uploads\/Via-uno1.jpg\" alt=\"\" width=\"400\" \/><\/p>\n<p>&nbsp;<\/p>\n<p>VALENTE\/BA: Funcion\u00e1rios da f\u00e1brica de cal\u00e7ados Via Uno, instalada em Valente, no nordeste baiano, realizaram nesta ter\u00e7a-feira (12) uma manifesta\u00e7\u00e3o na porta da unidade para cobrar solu\u00e7\u00f5es para os atuais problemas enfrentados pelos trabalhadores. A companhia, que amea\u00e7a fechar \u00e0s portas, deu f\u00e9rias coletivas aos 650 funcion\u00e1rios desde o \u00faltimo dia 30 de outubro.<\/p>\n<p>Durante os protestos desta ter\u00e7a, uma comiss\u00e3o formada por funcion\u00e1rios e representantes do sindicato da categoria se reuniram com a dire\u00e7\u00e3o da Via Uno, que informou aos presentes sobre a venda de 18 m\u00e1quinas e produtos estocados como necess\u00e1rios para a garantia do pagamento de todo o funcionalismo.<!--more--><\/p>\n<p>Durante as negocia\u00e7\u00f5es, os trabalhadores n\u00e3o permitiram a retirada de parte do maquin\u00e1rio do pr\u00e9dio. \u201cNosso medo \u00e9 de que eles retirem as m\u00e1quinas, vendam e a gente fique sem emprego e sem dinheiro. De madrugada, eles retiraram m\u00e1quinas da empresa, quando tinham afirmado que isso n\u00e3o aconteceria. Eles s\u00e3o homens de duas palavras\u201d, afirmou o sindicalista Ailton Nascimento.<\/p>\n<p>Depois de uma longa negocia\u00e7\u00e3o, os funcion\u00e1rios permitiram que os equipamentos fossem retirados. No final da manh\u00e3, a comiss\u00e3o se reuniu com o prefeito de Valente, Agnaldo Oliveira (PT), e o futuro gestor Ismael Ferreira (PT), onde ficou acordado que ser\u00e1 formada uma comiss\u00e3o regional para manter uma negocia\u00e7\u00e3o com a Via Uno e solicitar apoio do governo do Estado.<\/p>\n<p>Al\u00e9m de Valente, Concei\u00e7\u00e3o do Coit\u00e9 e Serrinha, onde a Via Uno mant\u00e9m plantas fabris, estaria \u00a0passar pela mesma situa\u00e7\u00e3o. BN<\/p>\n","protected":false},"excerpt":{"rendered":"<p>&nbsp; VALENTE\/BA: Funcion\u00e1rios da f\u00e1brica de cal\u00e7ados Via Uno, instalada em Valente, no nordeste baiano, realizaram nesta ter\u00e7a-feira (12) uma manifesta\u00e7\u00e3o na porta da unidade para cobrar solu\u00e7\u00f5es para os atuais problemas enfrentados pelos trabalhadores. A companhia, que amea\u00e7a fechar \u00e0s portas, deu f\u00e9rias coletivas aos 650 funcion\u00e1rios desde o \u00faltimo dia 30 de outubro. [&hellip;]<\/p>\n","protected":false},"author":2,"featured_media":0,"comment_status":"open","ping_status":"open","sticky":false,"template":"","format":"standard","meta":{"footnotes":"","_links_to":"","_links_to_target":""},"categories":[1],"tags":[],"class_list":["post-22008","post","type-post","status-publish","format-standard","hentry","category-geral"],"views":1601,"_links":{"self":[{"href":"https:\/\/www.sudoestehoje.com.br\/novoportal\/wp-json\/wp\/v2\/posts\/22008","targetHints":{"allow":["GET"]}}],"collection":[{"href":"https:\/\/www.sudoestehoje.com.br\/novoportal\/wp-json\/wp\/v2\/posts"}],"about":[{"href":"https:\/\/www.sudoestehoje.com.br\/novoportal\/wp-json\/wp\/v2\/types\/post"}],"author":[{"embeddable":true,"href":"https:\/\/www.sudoestehoje.com.br\/novoportal\/wp-json\/wp\/v2\/users\/2"}],"replies":[{"embeddable":true,"href":"https:\/\/www.sudoestehoje.com.br\/novoportal\/wp-json\/wp\/v2\/comments?post=22008"}],"version-history":[{"count":3,"href":"https:\/\/www.sudoestehoje.com.br\/novoportal\/wp-json\/wp\/v2\/posts\/22008\/revisions"}],"predecessor-version":[{"id":22011,"href":"https:\/\/www.sudoestehoje.com.br\/novoportal\/wp-json\/wp\/v2\/posts\/22008\/revisions\/22011"}],"wp:attachment":[{"href":"https:\/\/www.sudoestehoje.com.br\/novoportal\/wp-json\/wp\/v2\/media?parent=22008"}],"wp:term":[{"taxonomy":"category","embeddable":true,"href":"https:\/\/www.sudoestehoje.com.br\/novoportal\/wp-json\/wp\/v2\/categories?post=22008"},{"taxonomy":"post_tag","embeddable":true,"href":"https:\/\/www.sudoestehoje.com.br\/novoportal\/wp-json\/wp\/v2\/tags?post=22008"}],"curies":[{"name":"wp","href":"https:\/\/api.w.org\/{rel}","templated":true}]}}