
{"id":220,"date":"2010-09-01T18:27:19","date_gmt":"2010-09-01T21:27:19","guid":{"rendered":"http:\/\/sudoestehoje.tempsite.ws\/novoportal\/?p=220"},"modified":"2010-09-18T13:48:45","modified_gmt":"2010-09-18T16:48:45","slug":"bassuma-visitara-itapetinga-neste-sabado-a-pedido-de-marcos-espinheira","status":"publish","type":"post","link":"https:\/\/www.sudoestehoje.com.br\/novoportal\/2010\/09\/01\/bassuma-visitara-itapetinga-neste-sabado-a-pedido-de-marcos-espinheira\/","title":{"rendered":"BASSUMA VISITAR\u00c1 ITAPETINGA NESTE S\u00c1BADO, A PEDIDO DE MARCOS ESPINHEIRA"},"content":{"rendered":"<div>\n<div style=\"text-align: center;\"><img decoding=\"async\" src=\"http:\/\/bahiaempauta.com.br\/wp-content\/uploads\/2009\/09\/lbassuma.JPG\" border=\"0\" alt=\"\" \/><\/div>\n<div style=\"text-align: center;\"><strong>Bassuma cumprir\u00e1 agenda na regi\u00e3o, neste final de semana<\/strong><\/div>\n<p>O  candidato a governador pelo PV, deputado Luiz Bassuma, cumpre agenda na  Regi\u00e3o Sudoeste, neste final de semana. Na sexta-feira o candidato  visitar\u00e1 a cidade de Vit\u00f3ria da Conquista, onde ter\u00e1 uma extensa  programa\u00e7\u00e3o pol\u00edtica, reunindo-se com lideran\u00e7as pol\u00edticas e  empresariais. No s\u00e1bado, atendendo ao convite de Marcos Espinheira,  candidato a deputado federal pelo PV, Bassuma vir\u00e1 a Itapetinga para se  reunir com empres\u00e1rios, pol\u00edticos e simpatizantes da sua candidatura na  micro-regi\u00e3o. O local e hor\u00e1rio do encontro ser\u00e3o divulgados a partir  desta quinta-feira.<\/p>\n<p>Da reda\u00e7\u00e3o<\/p>\n<\/div>\n","protected":false},"excerpt":{"rendered":"<p>Bassuma cumprir\u00e1 agenda na regi\u00e3o, neste final de semana O candidato a governador pelo PV, deputado Luiz Bassuma, cumpre agenda na Regi\u00e3o Sudoeste, neste final de semana. Na sexta-feira o candidato visitar\u00e1 a cidade de Vit\u00f3ria da Conquista, onde ter\u00e1 uma extensa programa\u00e7\u00e3o pol\u00edtica, reunindo-se com lideran\u00e7as pol\u00edticas e empresariais. No s\u00e1bado, atendendo ao convite [&hellip;]<\/p>\n","protected":false},"author":1,"featured_media":0,"comment_status":"open","ping_status":"open","sticky":false,"template":"","format":"standard","meta":{"footnotes":"","_links_to":"","_links_to_target":""},"categories":[1],"tags":[],"class_list":["post-220","post","type-post","status-publish","format-standard","hentry","category-geral"],"views":1207,"_links":{"self":[{"href":"https:\/\/www.sudoestehoje.com.br\/novoportal\/wp-json\/wp\/v2\/posts\/220","targetHints":{"allow":["GET"]}}],"collection":[{"href":"https:\/\/www.sudoestehoje.com.br\/novoportal\/wp-json\/wp\/v2\/posts"}],"about":[{"href":"https:\/\/www.sudoestehoje.com.br\/novoportal\/wp-json\/wp\/v2\/types\/post"}],"author":[{"embeddable":true,"href":"https:\/\/www.sudoestehoje.com.br\/novoportal\/wp-json\/wp\/v2\/users\/1"}],"replies":[{"embeddable":true,"href":"https:\/\/www.sudoestehoje.com.br\/novoportal\/wp-json\/wp\/v2\/comments?post=220"}],"version-history":[{"count":1,"href":"https:\/\/www.sudoestehoje.com.br\/novoportal\/wp-json\/wp\/v2\/posts\/220\/revisions"}],"predecessor-version":[{"id":221,"href":"https:\/\/www.sudoestehoje.com.br\/novoportal\/wp-json\/wp\/v2\/posts\/220\/revisions\/221"}],"wp:attachment":[{"href":"https:\/\/www.sudoestehoje.com.br\/novoportal\/wp-json\/wp\/v2\/media?parent=220"}],"wp:term":[{"taxonomy":"category","embeddable":true,"href":"https:\/\/www.sudoestehoje.com.br\/novoportal\/wp-json\/wp\/v2\/categories?post=220"},{"taxonomy":"post_tag","embeddable":true,"href":"https:\/\/www.sudoestehoje.com.br\/novoportal\/wp-json\/wp\/v2\/tags?post=220"}],"curies":[{"name":"wp","href":"https:\/\/api.w.org\/{rel}","templated":true}]}}