
{"id":22,"date":"2009-05-22T15:26:28","date_gmt":"2009-05-22T15:26:28","guid":{"rendered":"http:\/\/sudoestehoje.tempsite.ws\/novoportal\/?p=22"},"modified":"2010-09-17T15:27:00","modified_gmt":"2010-09-17T15:27:00","slug":"helicoptero-cai-em-vitoria-da-conquista-e-deixa-2-mortos","status":"publish","type":"post","link":"https:\/\/www.sudoestehoje.com.br\/novoportal\/2009\/05\/22\/helicoptero-cai-em-vitoria-da-conquista-e-deixa-2-mortos\/","title":{"rendered":"Helic\u00f3ptero cai em Vit\u00f3ria da Conquista e deixa 2 mortos"},"content":{"rendered":"<div>\n<p>Um helic\u00f3ptero caiu e explodiu na zona rural  de Vit\u00f3ria da Conquista por volta das 19h desta sexta-feira (22)  provocando a morte do piloto e de um empres\u00e1rio que estavam dentro da  aeronave.<\/p>\n<p>Segundo informa\u00e7\u00f5es do Capit\u00e3o Bahia, do Corpo de Bombeiros, o  helic\u00f3ptero saiu de Montes Claros, em Minas Gerais, com destino a  Vit\u00f3ria da Conquista e caiu em uma planta\u00e7\u00e3o de mandioca na Fazenda  Quati, povoado de Sim\u00e3o, em Conquista.<\/p>\n<p>As causas do acidente ainda  s\u00e3o desconhecidas. &#8216;Uma equipe da For\u00e7a A\u00e9rea Brasileira vem para  Vit\u00f3ria da Conquista neste s\u00e1bado (23) para tentar identificar o motivo  da queda da aeronave&#8217;, explicou capit\u00e3o Bahia. Ainda segundo ele, o  tempo estava bom na regi\u00e3o no momento em que o helic\u00f3ptero caiu.<\/p>\n<p>Antes  do acidente, o piloto da aeronave chegou a fazer contato com a torre do  aeroporto Pedro Otac\u00edlio de Figueiredo, em Vit\u00f3ria da Conquista.  Moradores da zona rural da cidade afirmaram ter ouvido um barulho no  momento da explos\u00e3o.<\/p>\n<\/div>\n","protected":false},"excerpt":{"rendered":"<p>Um helic\u00f3ptero caiu e explodiu na zona rural de Vit\u00f3ria da Conquista por volta das 19h desta sexta-feira (22) provocando a morte do piloto e de um empres\u00e1rio que estavam dentro da aeronave. Segundo informa\u00e7\u00f5es do Capit\u00e3o Bahia, do Corpo de Bombeiros, o helic\u00f3ptero saiu de Montes Claros, em Minas Gerais, com destino a Vit\u00f3ria [&hellip;]<\/p>\n","protected":false},"author":1,"featured_media":0,"comment_status":"open","ping_status":"open","sticky":false,"template":"","format":"standard","meta":{"footnotes":"","_links_to":"","_links_to_target":""},"categories":[5],"tags":[],"class_list":["post-22","post","type-post","status-publish","format-standard","hentry","category-regiao"],"views":1535,"_links":{"self":[{"href":"https:\/\/www.sudoestehoje.com.br\/novoportal\/wp-json\/wp\/v2\/posts\/22","targetHints":{"allow":["GET"]}}],"collection":[{"href":"https:\/\/www.sudoestehoje.com.br\/novoportal\/wp-json\/wp\/v2\/posts"}],"about":[{"href":"https:\/\/www.sudoestehoje.com.br\/novoportal\/wp-json\/wp\/v2\/types\/post"}],"author":[{"embeddable":true,"href":"https:\/\/www.sudoestehoje.com.br\/novoportal\/wp-json\/wp\/v2\/users\/1"}],"replies":[{"embeddable":true,"href":"https:\/\/www.sudoestehoje.com.br\/novoportal\/wp-json\/wp\/v2\/comments?post=22"}],"version-history":[{"count":1,"href":"https:\/\/www.sudoestehoje.com.br\/novoportal\/wp-json\/wp\/v2\/posts\/22\/revisions"}],"predecessor-version":[{"id":23,"href":"https:\/\/www.sudoestehoje.com.br\/novoportal\/wp-json\/wp\/v2\/posts\/22\/revisions\/23"}],"wp:attachment":[{"href":"https:\/\/www.sudoestehoje.com.br\/novoportal\/wp-json\/wp\/v2\/media?parent=22"}],"wp:term":[{"taxonomy":"category","embeddable":true,"href":"https:\/\/www.sudoestehoje.com.br\/novoportal\/wp-json\/wp\/v2\/categories?post=22"},{"taxonomy":"post_tag","embeddable":true,"href":"https:\/\/www.sudoestehoje.com.br\/novoportal\/wp-json\/wp\/v2\/tags?post=22"}],"curies":[{"name":"wp","href":"https:\/\/api.w.org\/{rel}","templated":true}]}}