
{"id":21994,"date":"2012-11-14T12:25:09","date_gmt":"2012-11-14T15:25:09","guid":{"rendered":"http:\/\/www.sudoestehoje.com.br\/novoportal\/?p=21994"},"modified":"2012-11-14T12:25:09","modified_gmt":"2012-11-14T15:25:09","slug":"mensalao-wagner-diz-que-pena-para-ze-dirceu-foi-exagerada","status":"publish","type":"post","link":"https:\/\/www.sudoestehoje.com.br\/novoportal\/2012\/11\/14\/mensalao-wagner-diz-que-pena-para-ze-dirceu-foi-exagerada\/","title":{"rendered":"MENSAL\u00c3O: WAGNER DIZ QUE PENA PARA Z\u00c9 DIRCEU FOI &#8220;EXAGERADA&#8221;"},"content":{"rendered":"<p><img decoding=\"async\" class=\"aligncenter\" src=\"http:\/\/agenciabrasil.ebc.com.br\/sites\/_agenciabrasil\/files\/gallery_assist\/3\/gallery_assist639298\/prev\/3fde395eb4aba.jpg\" alt=\"\" width=\"400\" \/><\/p>\n<p>&nbsp;<\/p>\n<p><strong>Das Ag\u00eancias<\/strong><\/p>\n<p>O governador da Bahia, Jaques Wagner (PT), disse nesta ter\u00e7a (14) que n\u00e3o se pode considerar \u201cbandidos\u201d o ex-ministro da Casa Civil Jos\u00e9 Dirceu e o ex-presidente do PT Jos\u00e9 Genoino. Wagner achou \u201cexagerada\u201d a pena imposta pelo Supremo Tribunal Federal (STF) aos dois petistas.<\/p>\n<p>Dirceu foi condenado pelo STF a 10 anos e 10 meses de pris\u00e3o, al\u00e9m de uma multa de R$ 676 mil.\u00a0 Genoino, por sua vez, foi sentenciado a 6 anos e 11 meses de pris\u00e3o e multa de R$ 468 mil. \u201cDecis\u00e3o de juiz n\u00e3o se comenta.<\/p>\n<p>Eu, pessoalmente, acho exagerada, n\u00e3o reconhe\u00e7o eles criminosos, podem ter atuado de forma equivocada, podem ter cometido crimes, se voc\u00ea quiser chamar assim, mas n\u00e3o s\u00e3o bandidos, n\u00e3o s\u00e3o pessoas que montaram nenhuma estrutura pra destruir o Estado, ao contr\u00e1rio, todos eles t\u00eam compromisso hist\u00f3rico com a democracia e com a emancipa\u00e7\u00e3o do povo\u201d.<\/p>\n<p><strong>Pris\u00e3o comum para Z\u00e9 Dirceu<\/strong><br \/>\nO relator do processo do mensal\u00e3o no Supremo Tribunal Federal (STF), ministro Joaquim Barbosa, afirmou n\u00e3o haver mais espa\u00e7o para o benef\u00edcio de pris\u00e3o especial para os condenados no julgamento. Ele explicou que esse tipo de pris\u00e3o apenas cabe nos casos em que se d\u00e1 a pris\u00e3o provis\u00f3ria. Ele se recusou a falar especificamente de pessoas julgadas no processo.<!--more--><\/p>\n<p>Os advogados, como o ex-ministro da Casa Civil Jos\u00e9 Dirceu, condenado a 10 anos e 10 meses de pris\u00e3o, t\u00eam o benef\u00edcio de sala especial, sem grades, quando o processo ainda n\u00e3o foi totalmente conclu\u00eddo. \u201cPris\u00e3o especial \u00e9 s\u00f3 para quem est\u00e1 cumprindo pris\u00e3o provis\u00f3ria e n\u00e3o definitiva\u201d, disse o ministro, completando que esse caso n\u00e3o se aplica aos condenados no processo do mensal\u00e3o.<\/p>\n<p>O ministro explicou que cabe \u00e0s justi\u00e7as federal e estadual a defini\u00e7\u00e3o do local onde o condenado deve ficar preso. \u201cDeterminar a supress\u00e3o ou a suspens\u00e3o da liberdade de ir e vir \u00e9 quem condena\u201d, disse. Questionado sobre quem escolhe o local, ele respondeu: \u201cTanto faz (Justi\u00e7a Federal ou Justi\u00e7a Estadual)\u201d. Ele afirmou que, nesses casos, se leva em conta o local onde reside o condenado e sua fam\u00edlia.<\/p>\n<p><strong>Convite<\/strong><br \/>\nJoaquim Barbosa fez, na manh\u00e3 desta ter\u00e7a (13), uma visita de cortesia aos presidentes da C\u00e2mara, Marco Maia (PT-RS), e do Senado, Jos\u00e9 Sarney (PMDB-AP), para convid\u00e1-los para a sua posse na presid\u00eancia do Supremo, na pr\u00f3xima semana. Segundo ele, sua gest\u00e3o seguir\u00e1 o seu estilo conhecido. \u201cO estilo ser\u00e1 o que todo mundo conhece. Vou fazer uma gest\u00e3o com muita clareza, muita simplicidade e transpar\u00eancia. S\u00f3 isso\u201d. Ele disse que ser\u00e1 uma honra ser o primeiro negro a presidir o Supremo.<\/p>\n<p>Joaquim Barbosa afirmou n\u00e3o ter conversado sobre o processo do mensal\u00e3o com Marco Maia, que j\u00e1 manifestou publicamente cr\u00edticas ao julgamento. \u201cIsso n\u00e3o impede de convid\u00e1-lo. Ele \u00e9 o presidente da institui\u00e7\u00e3o. Eu vejo a institui\u00e7\u00e3o\u201d, afirmou. O ministro tamb\u00e9m evitou falar sobre o impacto que o julgamento poderia ter na maneira de se fazer pol\u00edtica no pa\u00eds.<\/p>\n<p><strong>Para principais jornais do mundo, condena\u00e7\u00e3o \u00e9 hist\u00f3rica<\/strong><br \/>\nJornais do mundo todo trataram a condena\u00e7\u00e3o do ex-ministro da Casa Civil Jos\u00e9 Dirceu como uma medida marcante da Justi\u00e7a brasileira contra a impunidade. O New York Times repercutiu a senten\u00e7a de pris\u00e3o de dez anos e dez meses do ex-ministro da Casa Civil em uma reportagem de seis colunas em sua vers\u00e3o impressa.<\/p>\n<p>Segundo a publica\u00e7\u00e3o, trata-se da mais dura condena\u00e7\u00e3o por corrup\u00e7\u00e3o contra um pol\u00edtico do alto escal\u00e3o do governo no Brasil. No entanto, o Times se mostra c\u00e9tico quanto \u00e0 perman\u00eancia de pol\u00edticos na pris\u00e3o no Brasil. \u201c\u00c9 muito raro no Brasil um pol\u00edtico do alto escal\u00e3o passar muito tempo na pris\u00e3o por corrup\u00e7\u00e3o ou outros crimes\u201d.<\/p>\n<p>O Financial Times destacou que a decis\u00e3o do STF abriu um precedente no pa\u00eds, cujas elites agem frequentemente com a certeza da impunidade. \u201cO caso est\u00e1 sendo considerado como um divisor de \u00e1guas em um pa\u00eds onde os pol\u00edticos e as elites s\u00e3o acusados de usar um sistema jur\u00eddico ineficiente para agir com impunidade\u201d, escreveu o Financial Times.<\/p>\n<p>A rede de televis\u00e3o inglesa BBC, em seu site, tamb\u00e9m noticiou a condena\u00e7\u00e3o com destaque: \u201cA senten\u00e7a foi vista por muitos no Brasil como evid\u00eancia de que pol\u00edticos n\u00e3o est\u00e3o imunes a puni\u00e7\u00f5es\u201d.<\/p>\n<p>O espanhol El Pa\u00eds refor\u00e7ou a liga\u00e7\u00e3o de Dirceu com Lula e Dilma e reproduziu grande parte da sustenta\u00e7\u00e3o do voto do ministro relator Joaquim Barbosa. O jornal tamb\u00e9m reproduziu o bate-boca entre Barbosa e o ministro revisor, Ricardo Lewandowski. \u201cO magistrado Lewandowski, que anteriormente havia absolvido Dirceu, acusou Barbosa de surpreender o tribunal com o expediente do dia\u201d, noticiou o peri\u00f3dico sobre a decis\u00e3o de Barbosa de definir as penas do n\u00facleo pol\u00edtico antes do financeiro.<\/p>\n<p>Na Fran\u00e7a, o Le Monde chama Dirceu de \u201cadvogado, economista, ex-l\u00edder estudantil, ex-comunista, ex-guerrilheiro e \u2018emin\u00eancia parda\u2019 do governo Lula\u201d. O jornal lembra que o mensal\u00e3o \u201cquase custou a reelei\u00e7\u00e3o de Lula em 2006\u201d.<\/p>\n","protected":false},"excerpt":{"rendered":"<p>&nbsp; Das Ag\u00eancias O governador da Bahia, Jaques Wagner (PT), disse nesta ter\u00e7a (14) que n\u00e3o se pode considerar \u201cbandidos\u201d o ex-ministro da Casa Civil Jos\u00e9 Dirceu e o ex-presidente do PT Jos\u00e9 Genoino. Wagner achou \u201cexagerada\u201d a pena imposta pelo Supremo Tribunal Federal (STF) aos dois petistas. Dirceu foi condenado pelo STF a 10 [&hellip;]<\/p>\n","protected":false},"author":2,"featured_media":0,"comment_status":"open","ping_status":"open","sticky":false,"template":"","format":"standard","meta":{"footnotes":"","_links_to":"","_links_to_target":""},"categories":[1],"tags":[],"class_list":["post-21994","post","type-post","status-publish","format-standard","hentry","category-geral"],"views":1325,"_links":{"self":[{"href":"https:\/\/www.sudoestehoje.com.br\/novoportal\/wp-json\/wp\/v2\/posts\/21994","targetHints":{"allow":["GET"]}}],"collection":[{"href":"https:\/\/www.sudoestehoje.com.br\/novoportal\/wp-json\/wp\/v2\/posts"}],"about":[{"href":"https:\/\/www.sudoestehoje.com.br\/novoportal\/wp-json\/wp\/v2\/types\/post"}],"author":[{"embeddable":true,"href":"https:\/\/www.sudoestehoje.com.br\/novoportal\/wp-json\/wp\/v2\/users\/2"}],"replies":[{"embeddable":true,"href":"https:\/\/www.sudoestehoje.com.br\/novoportal\/wp-json\/wp\/v2\/comments?post=21994"}],"version-history":[{"count":3,"href":"https:\/\/www.sudoestehoje.com.br\/novoportal\/wp-json\/wp\/v2\/posts\/21994\/revisions"}],"predecessor-version":[{"id":21997,"href":"https:\/\/www.sudoestehoje.com.br\/novoportal\/wp-json\/wp\/v2\/posts\/21994\/revisions\/21997"}],"wp:attachment":[{"href":"https:\/\/www.sudoestehoje.com.br\/novoportal\/wp-json\/wp\/v2\/media?parent=21994"}],"wp:term":[{"taxonomy":"category","embeddable":true,"href":"https:\/\/www.sudoestehoje.com.br\/novoportal\/wp-json\/wp\/v2\/categories?post=21994"},{"taxonomy":"post_tag","embeddable":true,"href":"https:\/\/www.sudoestehoje.com.br\/novoportal\/wp-json\/wp\/v2\/tags?post=21994"}],"curies":[{"name":"wp","href":"https:\/\/api.w.org\/{rel}","templated":true}]}}