
{"id":21972,"date":"2012-11-13T10:49:35","date_gmt":"2012-11-13T13:49:35","guid":{"rendered":"http:\/\/www.sudoestehoje.com.br\/novoportal\/?p=21972"},"modified":"2012-11-13T10:49:35","modified_gmt":"2012-11-13T13:49:35","slug":"itapetinga-secretaria-municipal-de-educacao-e-denunciada-no-mp-por-encurtar-ano-letivo","status":"publish","type":"post","link":"https:\/\/www.sudoestehoje.com.br\/novoportal\/2012\/11\/13\/itapetinga-secretaria-municipal-de-educacao-e-denunciada-no-mp-por-encurtar-ano-letivo\/","title":{"rendered":"ITAPETINGA: SECRETARIA MUNICIPAL DE EDUCA\u00c7\u00c3O \u00c9 DENUNCIADA NO MP POR ENCURTAR ANO LETIVO"},"content":{"rendered":"<p style=\"text-align: center;\"><img decoding=\"async\" class=\"aligncenter\" src=\"http:\/\/www.otempo.com.br\/otempobetim\/fotos\/20100409\/foto_08042010221324.jpg\" alt=\"\" width=\"400\" \/><\/p>\n<p>&nbsp;<\/p>\n<p>Uma grave den\u00fancia foi apresentada na Promotoria de Justi\u00e7a de Itapetinga, no \u00faltimo dia 31 de outubro, contra a Secretaria Municipal de Educa\u00e7\u00e3o, por descumprimento da Lei Federal n\u00ba 9.394\/96 (Lei das Diretrizes e Bases da Educa\u00e7\u00e3o Nacional &#8211; LDB), que estabelece a carga hor\u00e1ria m\u00ednima anual de 800 horas, distribu\u00eddas por no m\u00ednimo de 200 dias de efetivo trabalho escolar.<\/p>\n<p>Segundo a den\u00fancia, a Secretaria Municipal de Educa\u00e7\u00e3o teria reduzido, de forma ilegal, o n\u00famero de aulas previsto no Calend\u00e1rio Escolar de 2012, que teve in\u00edcio em 06 de fevereiro e que deveria encerrar no dia 10 de dezembro, com as atividades docentes se estendendo at\u00e9 o dia 19 de dezembro de 2012, atrav\u00e9s de um comunicado endere\u00e7ado aos professores e \u00e0s escolas municipais, contendo instru\u00e7\u00f5es para &#8220;burlar a LDB&#8221; e encurtar o ano letivo para o dia 26 de novembro de 2012.<\/p>\n<p>Al\u00e9m dessa diminui\u00e7\u00e3o do ano letivo, o documento protocolado na Promotoria denuncia uma enorme quantidades de aulas suspensas em fun\u00e7\u00e3o de prolongamentos de feriados (feriad\u00f5es), conselhos de classe, reuni\u00f5es pedag\u00f3gicas, falta de merenda escolar e in\u00fameras outras &#8220;raz\u00f5es&#8221; para liberar os alunos, sem a devida reposi\u00e7\u00e3o das aulas, conforme prev\u00ea a lei.<\/p>\n<p>O caso mais gritante de &#8220;enforcamento&#8221;, de acordo com a den\u00fancia, teria sido a libera\u00e7\u00e3o de todos os alunos da rede municipal no dia 05 de outubro (sexta-feira anterior ao dia da elei\u00e7\u00e3o), sob o pretexto da &#8220;instala\u00e7\u00e3o das sess\u00f5es eleitorais&#8221;, incluindo as escolas \u00a0que n\u00e3o seriam utilizadas pela Justi\u00e7a Eleitoral.<\/p>\n<p>Com a redu\u00e7\u00e3o ilegal do Calend\u00e1rio Escolar, o munic\u00edpio poder\u00e1 ter s\u00e9rios problemas na sua presta\u00e7\u00e3o anual de contas de todos os programas federais, sendo obrigado a devolver aos cofres da Uni\u00e3o, as verbas repassadas para o funcionamento das escolas durante o per\u00edodo, sob pena de de Crime de Responsabilidade.<\/p>\n<p>A den\u00fancia \u00e9 assinada por 30 representantes da sociedade civil, como o professor Geraldo Trindade, Dr. Silvio Macedo, professora Neide Fernandes Chaves, dentre outros, e dever\u00e1 ser apreciado pela Promotora de Justi\u00e7a, Dra. Gen\u00edsia Oliveira, que decidir\u00e1 sobre as provid\u00eancias a serem adotadas para o efetivo cumprimento dos 200 dias letivos, conforme determina a lei.<\/p>\n<p><strong><em>Por Davi Ferraz<\/em><\/strong><\/p>\n","protected":false},"excerpt":{"rendered":"<p>&nbsp; Uma grave den\u00fancia foi apresentada na Promotoria de Justi\u00e7a de Itapetinga, no \u00faltimo dia 31 de outubro, contra a Secretaria Municipal de Educa\u00e7\u00e3o, por descumprimento da Lei Federal n\u00ba 9.394\/96 (Lei das Diretrizes e Bases da Educa\u00e7\u00e3o Nacional &#8211; LDB), que estabelece a carga hor\u00e1ria m\u00ednima anual de 800 horas, distribu\u00eddas por no m\u00ednimo [&hellip;]<\/p>\n","protected":false},"author":2,"featured_media":0,"comment_status":"open","ping_status":"open","sticky":false,"template":"","format":"standard","meta":{"footnotes":"","_links_to":"","_links_to_target":""},"categories":[1],"tags":[],"class_list":["post-21972","post","type-post","status-publish","format-standard","hentry","category-geral"],"views":1414,"_links":{"self":[{"href":"https:\/\/www.sudoestehoje.com.br\/novoportal\/wp-json\/wp\/v2\/posts\/21972","targetHints":{"allow":["GET"]}}],"collection":[{"href":"https:\/\/www.sudoestehoje.com.br\/novoportal\/wp-json\/wp\/v2\/posts"}],"about":[{"href":"https:\/\/www.sudoestehoje.com.br\/novoportal\/wp-json\/wp\/v2\/types\/post"}],"author":[{"embeddable":true,"href":"https:\/\/www.sudoestehoje.com.br\/novoportal\/wp-json\/wp\/v2\/users\/2"}],"replies":[{"embeddable":true,"href":"https:\/\/www.sudoestehoje.com.br\/novoportal\/wp-json\/wp\/v2\/comments?post=21972"}],"version-history":[{"count":7,"href":"https:\/\/www.sudoestehoje.com.br\/novoportal\/wp-json\/wp\/v2\/posts\/21972\/revisions"}],"predecessor-version":[{"id":21979,"href":"https:\/\/www.sudoestehoje.com.br\/novoportal\/wp-json\/wp\/v2\/posts\/21972\/revisions\/21979"}],"wp:attachment":[{"href":"https:\/\/www.sudoestehoje.com.br\/novoportal\/wp-json\/wp\/v2\/media?parent=21972"}],"wp:term":[{"taxonomy":"category","embeddable":true,"href":"https:\/\/www.sudoestehoje.com.br\/novoportal\/wp-json\/wp\/v2\/categories?post=21972"},{"taxonomy":"post_tag","embeddable":true,"href":"https:\/\/www.sudoestehoje.com.br\/novoportal\/wp-json\/wp\/v2\/tags?post=21972"}],"curies":[{"name":"wp","href":"https:\/\/api.w.org\/{rel}","templated":true}]}}