
{"id":21965,"date":"2012-11-13T09:42:41","date_gmt":"2012-11-13T12:42:41","guid":{"rendered":"http:\/\/www.sudoestehoje.com.br\/novoportal\/?p=21965"},"modified":"2012-11-13T09:42:41","modified_gmt":"2012-11-13T12:42:41","slug":"itarantim-carro-do-gabinete-do-prefeito-e-apreendido-pela-policia-civil","status":"publish","type":"post","link":"https:\/\/www.sudoestehoje.com.br\/novoportal\/2012\/11\/13\/itarantim-carro-do-gabinete-do-prefeito-e-apreendido-pela-policia-civil\/","title":{"rendered":"ITARANTIM: CARRO DO GABINETE DO PREFEITO \u00c9 APREENDIDO PELA POL\u00cdCIA CIVIL"},"content":{"rendered":"<p><img decoding=\"async\" class=\"aligncenter\" src=\"http:\/\/www.politicosdosuldabahia.com.br\/v1\/wp-content\/uploads\/2012\/11\/SAM_09251.jpg\" alt=\"\" width=\"400\" \/><\/p>\n<p>&nbsp;<\/p>\n<p>No \u00faltimo s\u00e1bado, durante uma opera\u00e7\u00e3o da Pol\u00edcia Civil em Itarantim, o carro do gabinete do prefeito Gide\u00e3o Matos (PP) foi apreendido por falta de pagamento do IPVA. O carro \u00e9 uma Pajero Full , que custa aproximadamente R$ 200 mil.<\/p>\n<p>O prefeito, depois da elei\u00e7\u00e3o, deixou a cidade abandonada, \u00a0j\u00e1 que o seu candidato, Paulo Constru\u00e7\u00e3o (PP), sofreu uma derrota humilhante, com uma diferen\u00e7a de dois mil votos, a maior vantagem eleitoral j\u00e1 registrada na hist\u00f3ria do munic\u00edpio.<\/p>\n<p>O eleito \u00e9 o atual vice, Paulo Fernandes (PSB), que era amigo e advogado de Gide\u00e3o Matos, mas que se transformou em inimigo pessoal e advers\u00e1rio de Gide\u00e3o e o derrotou nesta \u00a0\u00faltima elei\u00e7\u00e3o. Informa\u00e7\u00f5es do\u00a0<em>Pol\u00edticos do Sul da Bahia<\/em><\/p>\n","protected":false},"excerpt":{"rendered":"<p>&nbsp; No \u00faltimo s\u00e1bado, durante uma opera\u00e7\u00e3o da Pol\u00edcia Civil em Itarantim, o carro do gabinete do prefeito Gide\u00e3o Matos (PP) foi apreendido por falta de pagamento do IPVA. O carro \u00e9 uma Pajero Full , que custa aproximadamente R$ 200 mil. O prefeito, depois da elei\u00e7\u00e3o, deixou a cidade abandonada, \u00a0j\u00e1 que o seu [&hellip;]<\/p>\n","protected":false},"author":2,"featured_media":0,"comment_status":"open","ping_status":"open","sticky":false,"template":"","format":"standard","meta":{"footnotes":"","_links_to":"","_links_to_target":""},"categories":[1],"tags":[],"class_list":["post-21965","post","type-post","status-publish","format-standard","hentry","category-geral"],"views":1585,"_links":{"self":[{"href":"https:\/\/www.sudoestehoje.com.br\/novoportal\/wp-json\/wp\/v2\/posts\/21965","targetHints":{"allow":["GET"]}}],"collection":[{"href":"https:\/\/www.sudoestehoje.com.br\/novoportal\/wp-json\/wp\/v2\/posts"}],"about":[{"href":"https:\/\/www.sudoestehoje.com.br\/novoportal\/wp-json\/wp\/v2\/types\/post"}],"author":[{"embeddable":true,"href":"https:\/\/www.sudoestehoje.com.br\/novoportal\/wp-json\/wp\/v2\/users\/2"}],"replies":[{"embeddable":true,"href":"https:\/\/www.sudoestehoje.com.br\/novoportal\/wp-json\/wp\/v2\/comments?post=21965"}],"version-history":[{"count":3,"href":"https:\/\/www.sudoestehoje.com.br\/novoportal\/wp-json\/wp\/v2\/posts\/21965\/revisions"}],"predecessor-version":[{"id":21968,"href":"https:\/\/www.sudoestehoje.com.br\/novoportal\/wp-json\/wp\/v2\/posts\/21965\/revisions\/21968"}],"wp:attachment":[{"href":"https:\/\/www.sudoestehoje.com.br\/novoportal\/wp-json\/wp\/v2\/media?parent=21965"}],"wp:term":[{"taxonomy":"category","embeddable":true,"href":"https:\/\/www.sudoestehoje.com.br\/novoportal\/wp-json\/wp\/v2\/categories?post=21965"},{"taxonomy":"post_tag","embeddable":true,"href":"https:\/\/www.sudoestehoje.com.br\/novoportal\/wp-json\/wp\/v2\/tags?post=21965"}],"curies":[{"name":"wp","href":"https:\/\/api.w.org\/{rel}","templated":true}]}}