
{"id":21959,"date":"2012-11-13T09:01:57","date_gmt":"2012-11-13T12:01:57","guid":{"rendered":"http:\/\/www.sudoestehoje.com.br\/novoportal\/?p=21959"},"modified":"2012-11-13T09:01:57","modified_gmt":"2012-11-13T12:01:57","slug":"mensalao-ze-dirceu-e-condenado-a-10-anos-e-10-meses-de-prisao","status":"publish","type":"post","link":"https:\/\/www.sudoestehoje.com.br\/novoportal\/2012\/11\/13\/mensalao-ze-dirceu-e-condenado-a-10-anos-e-10-meses-de-prisao\/","title":{"rendered":"MENSAL\u00c3O: Z\u00c9 DIRCEU \u00c9 CONDENADO A 10 ANOS E 10 MESES DE PRIS\u00c3O"},"content":{"rendered":"<p><img decoding=\"async\" class=\"aligncenter\" src=\"http:\/\/jornalismob.files.wordpress.com\/2008\/11\/zedirceu.jpg\" alt=\"\" width=\"400\" \/><\/p>\n<p>&nbsp;<\/p>\n<p>O ex-ministro da Casa Civil\u00a0Jos\u00e9 Dirceu foi condenado a 10 anos e 10 meses de pris\u00e3o pelo Supremo Tribunal Federal (STF) durante a sess\u00e3o da tarde desta segunda-feira (2). Pelo crime de forma\u00e7\u00e3o de quadrilha, a maioria dos ministros fixou pena em 2 anos e 11 meses e, por corrup\u00e7\u00e3o ativa, 7 anos e 11 meses, mais multa de R$ 676 mil. Pela puni\u00e7\u00e3o aplicada pelo STF, superior a 8 anos de reclus\u00e3o, o ex-ministro ter\u00e1 que cumprir a pena em regime fechado, conforme regra prevista no C\u00f3digo Penal. Segundo o Supremo, Dirceu &#8220;ordenou&#8221; o esquema de pagamento de propina a parlamentares da base aliada em troca de apoio no Congresso ao governo do ex-presidente Luiz In\u00e1cio Lula da Silva. At\u00e9 esta segunda, em seis sess\u00f5es de dosimetria, cinco dos 25 r\u00e9us condenados tiveram a pena determinada.<\/p>\n<p>VAI RECORRER<\/p>\n<p>O advogado Jos\u00e9 Lu\u00eds de Oliveira Lima, respons\u00e1vel pela defesa do ex-ministro Jos\u00e9 Dirceu, declarou nessa segunda-feira (12) que acredita que pode reverter o resultado do julgamento da A\u00e7\u00e3o Penal 470, o processo do mensal\u00e3o. Dirceu foi condenado a dez anos \u00a0e dez meses pelos crimes de corrup\u00e7\u00e3o ativa e forma\u00e7\u00e3o de quadrilha na a\u00e7\u00e3o penal, que est\u00e1 sendo julgada no Supremo Tribunal Federal (STF). \u201cTodos os recursos que tiverem previs\u00e3o legal e que puderem, no futuro, dar demonstra\u00e7\u00e3o da inoc\u00eancia do meu cliente ser\u00e3o tomados\u201d, disse.<\/p>\n","protected":false},"excerpt":{"rendered":"<p>&nbsp; O ex-ministro da Casa Civil\u00a0Jos\u00e9 Dirceu foi condenado a 10 anos e 10 meses de pris\u00e3o pelo Supremo Tribunal Federal (STF) durante a sess\u00e3o da tarde desta segunda-feira (2). Pelo crime de forma\u00e7\u00e3o de quadrilha, a maioria dos ministros fixou pena em 2 anos e 11 meses e, por corrup\u00e7\u00e3o ativa, 7 anos e [&hellip;]<\/p>\n","protected":false},"author":2,"featured_media":0,"comment_status":"open","ping_status":"open","sticky":false,"template":"","format":"standard","meta":{"footnotes":"","_links_to":"","_links_to_target":""},"categories":[1],"tags":[],"class_list":["post-21959","post","type-post","status-publish","format-standard","hentry","category-geral"],"views":1367,"_links":{"self":[{"href":"https:\/\/www.sudoestehoje.com.br\/novoportal\/wp-json\/wp\/v2\/posts\/21959","targetHints":{"allow":["GET"]}}],"collection":[{"href":"https:\/\/www.sudoestehoje.com.br\/novoportal\/wp-json\/wp\/v2\/posts"}],"about":[{"href":"https:\/\/www.sudoestehoje.com.br\/novoportal\/wp-json\/wp\/v2\/types\/post"}],"author":[{"embeddable":true,"href":"https:\/\/www.sudoestehoje.com.br\/novoportal\/wp-json\/wp\/v2\/users\/2"}],"replies":[{"embeddable":true,"href":"https:\/\/www.sudoestehoje.com.br\/novoportal\/wp-json\/wp\/v2\/comments?post=21959"}],"version-history":[{"count":1,"href":"https:\/\/www.sudoestehoje.com.br\/novoportal\/wp-json\/wp\/v2\/posts\/21959\/revisions"}],"predecessor-version":[{"id":21960,"href":"https:\/\/www.sudoestehoje.com.br\/novoportal\/wp-json\/wp\/v2\/posts\/21959\/revisions\/21960"}],"wp:attachment":[{"href":"https:\/\/www.sudoestehoje.com.br\/novoportal\/wp-json\/wp\/v2\/media?parent=21959"}],"wp:term":[{"taxonomy":"category","embeddable":true,"href":"https:\/\/www.sudoestehoje.com.br\/novoportal\/wp-json\/wp\/v2\/categories?post=21959"},{"taxonomy":"post_tag","embeddable":true,"href":"https:\/\/www.sudoestehoje.com.br\/novoportal\/wp-json\/wp\/v2\/tags?post=21959"}],"curies":[{"name":"wp","href":"https:\/\/api.w.org\/{rel}","templated":true}]}}