
{"id":21906,"date":"2012-11-09T22:49:20","date_gmt":"2012-11-10T01:49:20","guid":{"rendered":"http:\/\/www.sudoestehoje.com.br\/novoportal\/?p=21906"},"modified":"2012-11-09T23:25:07","modified_gmt":"2012-11-10T02:25:07","slug":"exclusivo-wagner-e-acm-neto-se-encontram-em-evento-da-upb","status":"publish","type":"post","link":"https:\/\/www.sudoestehoje.com.br\/novoportal\/2012\/11\/09\/exclusivo-wagner-e-acm-neto-se-encontram-em-evento-da-upb\/","title":{"rendered":"EXCLUSIVO: WAGNER E ACM NETO SE ENCONTRAM EM EVENTO DA UPB"},"content":{"rendered":"<p style=\"text-align: center;\"><em>Valter Pontes &#8211; Coperphotos<\/em><\/p>\n<p style=\"text-align: center;\"><a href=\"http:\/\/www.sudoestehoje.com.br\/novoportal\/wp-content\/uploads\/2012\/11\/wagner-e-neto.jpg\"><img decoding=\"async\" class=\"aligncenter  wp-image-21907\" title=\"wagner e neto\" src=\"http:\/\/www.sudoestehoje.com.br\/novoportal\/wp-content\/uploads\/2012\/11\/wagner-e-neto-500x384.jpg\" alt=\"\" width=\"400\" srcset=\"https:\/\/www.sudoestehoje.com.br\/novoportal\/wp-content\/uploads\/2012\/11\/wagner-e-neto-500x384.jpg 500w, https:\/\/www.sudoestehoje.com.br\/novoportal\/wp-content\/uploads\/2012\/11\/wagner-e-neto.jpg 620w\" sizes=\"(max-width: 500px) 100vw, 500px\" \/><\/a><\/p>\n<p style=\"text-align: center;\"><em>Primeiro encontro de ACM Neto e Wagner p\u00f3s elei\u00e7\u00e3o<\/em><\/p>\n<p>&nbsp;<\/p>\n<p>O prefeito eleito ACM Neto (DEM) e o governador Jaques Wagner (PT) se encontraram, nesta sexta-feira (9), pela primeira vez ap\u00f3s a elei\u00e7\u00e3o. O encontro aconteceu durante a reuni\u00e3o entre prefeitos eleitos e reeleitos, organizado pela Uni\u00e3o dos Munic\u00edpios da Bahia (UPB), no Vila Gal\u00e9 Mar\u00e9s Resort Hotel, em Guarajuba, na orla de Cama\u00e7ari.<\/p>\n<p style=\"text-align: center;\"><a href=\"http:\/\/www.sudoestehoje.com.br\/novoportal\/wp-content\/uploads\/2012\/11\/wagner-neto-e-otto.jpg\"><img decoding=\"async\" class=\"aligncenter  wp-image-21908\" title=\"wagner, neto e otto\" src=\"http:\/\/www.sudoestehoje.com.br\/novoportal\/wp-content\/uploads\/2012\/11\/wagner-neto-e-otto-500x350.jpg\" alt=\"\" width=\"400\" srcset=\"https:\/\/www.sudoestehoje.com.br\/novoportal\/wp-content\/uploads\/2012\/11\/wagner-neto-e-otto-500x350.jpg 500w, https:\/\/www.sudoestehoje.com.br\/novoportal\/wp-content\/uploads\/2012\/11\/wagner-neto-e-otto.jpg 685w\" sizes=\"(max-width: 500px) 100vw, 500px\" \/><\/a><\/p>\n<p>Al\u00e9m de Wagner e Neto, o vice-governador Otto Alencar e a Senadora L\u00eddice da Mata tamb\u00e9m se fizeram presentes ao evento e puderam cumprimentar o novo prefeito de Salvador. Nesse primeiro contato Neto e Wagner j\u00e1 puderam trocar algumas id\u00e9ias, mas um encontro oficial entre os gestores ainda ser\u00e1 marcado.<\/p>\n<p>Profissionais da imprensa foram barrados no encontro, mas as fotos exclusivas do encontro entre os dois gestores foram generosamente enviadas por <em>Valter Pontes &#8211; Coperphotos e<\/em>\u00a0s\u00e3o divulgadas, em primeira m\u00e3o, pelo <em>Sudoeste Hoje<\/em>.<\/p>\n<p><strong><em>Da Reda\u00e7\u00e3o<\/em><\/strong><\/p>\n","protected":false},"excerpt":{"rendered":"<p>Valter Pontes &#8211; Coperphotos Primeiro encontro de ACM Neto e Wagner p\u00f3s elei\u00e7\u00e3o &nbsp; O prefeito eleito ACM Neto (DEM) e o governador Jaques Wagner (PT) se encontraram, nesta sexta-feira (9), pela primeira vez ap\u00f3s a elei\u00e7\u00e3o. O encontro aconteceu durante a reuni\u00e3o entre prefeitos eleitos e reeleitos, organizado pela Uni\u00e3o dos Munic\u00edpios da Bahia [&hellip;]<\/p>\n","protected":false},"author":2,"featured_media":0,"comment_status":"open","ping_status":"open","sticky":false,"template":"","format":"standard","meta":{"footnotes":"","_links_to":"","_links_to_target":""},"categories":[1],"tags":[],"class_list":["post-21906","post","type-post","status-publish","format-standard","hentry","category-geral"],"views":1247,"_links":{"self":[{"href":"https:\/\/www.sudoestehoje.com.br\/novoportal\/wp-json\/wp\/v2\/posts\/21906","targetHints":{"allow":["GET"]}}],"collection":[{"href":"https:\/\/www.sudoestehoje.com.br\/novoportal\/wp-json\/wp\/v2\/posts"}],"about":[{"href":"https:\/\/www.sudoestehoje.com.br\/novoportal\/wp-json\/wp\/v2\/types\/post"}],"author":[{"embeddable":true,"href":"https:\/\/www.sudoestehoje.com.br\/novoportal\/wp-json\/wp\/v2\/users\/2"}],"replies":[{"embeddable":true,"href":"https:\/\/www.sudoestehoje.com.br\/novoportal\/wp-json\/wp\/v2\/comments?post=21906"}],"version-history":[{"count":6,"href":"https:\/\/www.sudoestehoje.com.br\/novoportal\/wp-json\/wp\/v2\/posts\/21906\/revisions"}],"predecessor-version":[{"id":21911,"href":"https:\/\/www.sudoestehoje.com.br\/novoportal\/wp-json\/wp\/v2\/posts\/21906\/revisions\/21911"}],"wp:attachment":[{"href":"https:\/\/www.sudoestehoje.com.br\/novoportal\/wp-json\/wp\/v2\/media?parent=21906"}],"wp:term":[{"taxonomy":"category","embeddable":true,"href":"https:\/\/www.sudoestehoje.com.br\/novoportal\/wp-json\/wp\/v2\/categories?post=21906"},{"taxonomy":"post_tag","embeddable":true,"href":"https:\/\/www.sudoestehoje.com.br\/novoportal\/wp-json\/wp\/v2\/tags?post=21906"}],"curies":[{"name":"wp","href":"https:\/\/api.w.org\/{rel}","templated":true}]}}