
{"id":21902,"date":"2012-11-09T21:43:48","date_gmt":"2012-11-10T00:43:48","guid":{"rendered":"http:\/\/www.sudoestehoje.com.br\/novoportal\/?p=21902"},"modified":"2012-11-09T21:43:48","modified_gmt":"2012-11-10T00:43:48","slug":"acm-neto-e-pinheiro-foram-os-melhores-da-bahia-no-congresso","status":"publish","type":"post","link":"https:\/\/www.sudoestehoje.com.br\/novoportal\/2012\/11\/09\/acm-neto-e-pinheiro-foram-os-melhores-da-bahia-no-congresso\/","title":{"rendered":"ACM NETO E PINHEIRO FORAM OS MELHORES DA BAHIA NO CONGRESSO"},"content":{"rendered":"<p><img decoding=\"async\" class=\"aligncenter\" src=\"http:\/\/www.politicalivre.com.br\/wp-content\/thumbgen_cache\/c34c93ceb4580710b65c651a83342bf9.jpg\" alt=\"\" width=\"400\" \/><\/p>\n<p>&nbsp;<\/p>\n<p>O &#8216;Pr\u00eamio Congresso em Foco 2012&#8217; contemplou na noite desta quinta-feira (8) em Bras\u00edlia, deputados federais e senadores que se destacaram entre 11 categorias. Al\u00e9m de Jean Wyllys que foi premiado como melhor deputado federal do pa\u00eds, mais dois baianos entraram na lista para concorrer as premia\u00e7\u00f5es, o deputado e eleito prefeito de Salvador, ACM Neto e o senador Walter Pinheiro.<\/p>\n<p>Na lista escolhida pelos 186 jornalistas que acompanham o dia-a-dia do Congresso Nacional, o senador do Partido dos Trabalhadores (PT), Walter Pinheiro, foi indicado como 6\u00ba parlamentar que mais atua no senado. J\u00e1 o deputado federal e eleito prefeito de Salvador, ACM Neto, ficou na 14\u00aa coloca\u00e7\u00e3o entre os deputados e tamb\u00e9m foi um dos indicados \u00e0 premia\u00e7\u00e3o de &#8216;Parlamentar do Futuro&#8217;, que premia os parlamentares com menos de 45 anos.<\/p>\n<p>O baiano que no Rio de Janeiro pelo Partido Socialismo e Liberdade (Psol), Jean Wyllys, venceu na categoria de deputado federal. Quem ganhou o pr\u00eamio como melhor senador foi o senador do Partido dos Trabalhadores (PT), Eduardo Suplicy.<\/p>\n<p><strong><em>iBahia<\/em><\/strong><\/p>\n","protected":false},"excerpt":{"rendered":"<p>&nbsp; O &#8216;Pr\u00eamio Congresso em Foco 2012&#8217; contemplou na noite desta quinta-feira (8) em Bras\u00edlia, deputados federais e senadores que se destacaram entre 11 categorias. Al\u00e9m de Jean Wyllys que foi premiado como melhor deputado federal do pa\u00eds, mais dois baianos entraram na lista para concorrer as premia\u00e7\u00f5es, o deputado e eleito prefeito de Salvador, [&hellip;]<\/p>\n","protected":false},"author":2,"featured_media":0,"comment_status":"open","ping_status":"open","sticky":false,"template":"","format":"standard","meta":{"footnotes":"","_links_to":"","_links_to_target":""},"categories":[1],"tags":[],"class_list":["post-21902","post","type-post","status-publish","format-standard","hentry","category-geral"],"views":1178,"_links":{"self":[{"href":"https:\/\/www.sudoestehoje.com.br\/novoportal\/wp-json\/wp\/v2\/posts\/21902","targetHints":{"allow":["GET"]}}],"collection":[{"href":"https:\/\/www.sudoestehoje.com.br\/novoportal\/wp-json\/wp\/v2\/posts"}],"about":[{"href":"https:\/\/www.sudoestehoje.com.br\/novoportal\/wp-json\/wp\/v2\/types\/post"}],"author":[{"embeddable":true,"href":"https:\/\/www.sudoestehoje.com.br\/novoportal\/wp-json\/wp\/v2\/users\/2"}],"replies":[{"embeddable":true,"href":"https:\/\/www.sudoestehoje.com.br\/novoportal\/wp-json\/wp\/v2\/comments?post=21902"}],"version-history":[{"count":3,"href":"https:\/\/www.sudoestehoje.com.br\/novoportal\/wp-json\/wp\/v2\/posts\/21902\/revisions"}],"predecessor-version":[{"id":21905,"href":"https:\/\/www.sudoestehoje.com.br\/novoportal\/wp-json\/wp\/v2\/posts\/21902\/revisions\/21905"}],"wp:attachment":[{"href":"https:\/\/www.sudoestehoje.com.br\/novoportal\/wp-json\/wp\/v2\/media?parent=21902"}],"wp:term":[{"taxonomy":"category","embeddable":true,"href":"https:\/\/www.sudoestehoje.com.br\/novoportal\/wp-json\/wp\/v2\/categories?post=21902"},{"taxonomy":"post_tag","embeddable":true,"href":"https:\/\/www.sudoestehoje.com.br\/novoportal\/wp-json\/wp\/v2\/tags?post=21902"}],"curies":[{"name":"wp","href":"https:\/\/api.w.org\/{rel}","templated":true}]}}