
{"id":21892,"date":"2012-11-09T20:46:48","date_gmt":"2012-11-09T23:46:48","guid":{"rendered":"http:\/\/www.sudoestehoje.com.br\/novoportal\/?p=21892"},"modified":"2012-11-09T20:46:48","modified_gmt":"2012-11-09T23:46:48","slug":"fortes-chuvas-deixam-planalto-em-situacao-de-emergencia","status":"publish","type":"post","link":"https:\/\/www.sudoestehoje.com.br\/novoportal\/2012\/11\/09\/fortes-chuvas-deixam-planalto-em-situacao-de-emergencia\/","title":{"rendered":"FORTES CHUVAS DEIXAM PLANALTO EM SITUA\u00c7\u00c3O DE EMERG\u00caNCIA"},"content":{"rendered":"<p><img decoding=\"async\" class=\"aligncenter\" src=\"http:\/\/www.blogdaresenhageral.com.br\/v1\/wp-content\/uploads\/urias0101.jpg\" alt=\"\" width=\"400\" \/><\/p>\n<p>&nbsp;<\/p>\n<p>PLANALTO: Ainda \u00e9 poss\u00edvel verificar os estragos que as fortes chuvas que ca\u00edram nos \u00faltimos dias em Planalto provocaram. Muro de escola que desabou, \u00e1gua acumulada em algumas ruas, marcas de \u00e1gua nas paredes das casas d\u00e3o uma dimens\u00e3o do susto que populares da cidade passaram com o n\u00edvel elevado da \u00e1gua em alguns bairros.<\/p>\n<p><img decoding=\"async\" class=\"aligncenter\" src=\"http:\/\/www.blogdaresenhageral.com.br\/v1\/wp-content\/uploads\/Chuva-Planalto.jpeg\" alt=\"\" width=\"400\" \/><\/p>\n<p>O curioso \u00e9 que a cidade de Planalto era um dos mais de 250 munic\u00edpios baianos que haviam decretado situa\u00e7\u00e3o de emerg\u00eancia por causa da seca, mas agora a situa\u00e7\u00e3o se inverteu, a prefeitura est\u00e1 buscando recursos financeiros junto ao governo estadual e federal por causa dos preju\u00edzos provocados pelas fortes chuvas.<\/p>\n<p>Um dos col\u00e9gios da cidade que foi transformado em abrigo p\u00fablico, cerca de 65 pessoas est\u00e3o alojadas. Por l\u00e1, doa\u00e7\u00f5es de alimentos e roupas aumentaram, mas ainda \u00e9 preciso mais. A Par\u00f3quia Senhor do Bonfim est\u00e1 arrecadando alimentos e roupas, que puder ajudar \u00e9 s\u00f3 entrar em contato pelo telefone (77) 3434-2102.<\/p>\n<p>Planalto Not\u00edcias<\/p>\n","protected":false},"excerpt":{"rendered":"<p>&nbsp; PLANALTO: Ainda \u00e9 poss\u00edvel verificar os estragos que as fortes chuvas que ca\u00edram nos \u00faltimos dias em Planalto provocaram. Muro de escola que desabou, \u00e1gua acumulada em algumas ruas, marcas de \u00e1gua nas paredes das casas d\u00e3o uma dimens\u00e3o do susto que populares da cidade passaram com o n\u00edvel elevado da \u00e1gua em alguns [&hellip;]<\/p>\n","protected":false},"author":2,"featured_media":0,"comment_status":"open","ping_status":"open","sticky":false,"template":"","format":"standard","meta":{"footnotes":"","_links_to":"","_links_to_target":""},"categories":[1],"tags":[],"class_list":["post-21892","post","type-post","status-publish","format-standard","hentry","category-geral"],"views":1182,"_links":{"self":[{"href":"https:\/\/www.sudoestehoje.com.br\/novoportal\/wp-json\/wp\/v2\/posts\/21892","targetHints":{"allow":["GET"]}}],"collection":[{"href":"https:\/\/www.sudoestehoje.com.br\/novoportal\/wp-json\/wp\/v2\/posts"}],"about":[{"href":"https:\/\/www.sudoestehoje.com.br\/novoportal\/wp-json\/wp\/v2\/types\/post"}],"author":[{"embeddable":true,"href":"https:\/\/www.sudoestehoje.com.br\/novoportal\/wp-json\/wp\/v2\/users\/2"}],"replies":[{"embeddable":true,"href":"https:\/\/www.sudoestehoje.com.br\/novoportal\/wp-json\/wp\/v2\/comments?post=21892"}],"version-history":[{"count":3,"href":"https:\/\/www.sudoestehoje.com.br\/novoportal\/wp-json\/wp\/v2\/posts\/21892\/revisions"}],"predecessor-version":[{"id":21895,"href":"https:\/\/www.sudoestehoje.com.br\/novoportal\/wp-json\/wp\/v2\/posts\/21892\/revisions\/21895"}],"wp:attachment":[{"href":"https:\/\/www.sudoestehoje.com.br\/novoportal\/wp-json\/wp\/v2\/media?parent=21892"}],"wp:term":[{"taxonomy":"category","embeddable":true,"href":"https:\/\/www.sudoestehoje.com.br\/novoportal\/wp-json\/wp\/v2\/categories?post=21892"},{"taxonomy":"post_tag","embeddable":true,"href":"https:\/\/www.sudoestehoje.com.br\/novoportal\/wp-json\/wp\/v2\/tags?post=21892"}],"curies":[{"name":"wp","href":"https:\/\/api.w.org\/{rel}","templated":true}]}}