
{"id":21886,"date":"2012-11-09T20:06:38","date_gmt":"2012-11-09T23:06:38","guid":{"rendered":"http:\/\/www.sudoestehoje.com.br\/novoportal\/?p=21886"},"modified":"2012-11-09T20:06:38","modified_gmt":"2012-11-09T23:06:38","slug":"2014-avaliacao-interna-do-pt-nao-favorece-candidatura-de-rui-costa","status":"publish","type":"post","link":"https:\/\/www.sudoestehoje.com.br\/novoportal\/2012\/11\/09\/2014-avaliacao-interna-do-pt-nao-favorece-candidatura-de-rui-costa\/","title":{"rendered":"2014: AVALIA\u00c7\u00c3O INTERNA DO PT N\u00c3O FAVORECE CANDIDATURA DE RUI COSTA"},"content":{"rendered":"<p><img decoding=\"async\" class=\"aligncenter\" src=\"http:\/\/www.bocaonews.com.br\/ckfinder\/userfiles\/images\/rui%20costa(11).jpg\" alt=\"\" width=\"400\" \/><\/p>\n<p style=\"text-align: center;\"><em>Tido como o &#8220;predileto&#8221; de Wagner, Rui Costa n\u00e3o deve emplacar 2014\u00a0<\/em><\/p>\n<p>&nbsp;<\/p>\n<p>Com os \u00e2nimos eleitorais esfriados, o PT procede uma avalia\u00e7\u00e3o sobre o peso eleitoral de cada um de seus principais quadros e os resultados n\u00e3o favorecem o chefe da Casa Civil, Rui Costa. Com a perda de munic\u00edpios importantes de sua corrente pol\u00edtica, a exemplo de Lauro de Freitas, Alagoinhas e Senhor do Bonfim, Rui teria ficado atr\u00e1s de outros quadros petistas que t\u00eam interesse direto na sucess\u00e3o do governador Jaques Wagner e teriam tido desempenho melhor nestas elei\u00e7\u00f5es municipais. Para completar, advers\u00e1rios do petista no pr\u00f3prio partido j\u00e1 come\u00e7am a atribuir a ele, enquanto chefe da Casa Civil, a responsabilidade por eventos como as greves da PM e dos professores, que tanto prejudicaram o ex-candidato a prefeito Nelson Pelegrino (PT).<\/p>\n","protected":false},"excerpt":{"rendered":"<p>Tido como o &#8220;predileto&#8221; de Wagner, Rui Costa n\u00e3o deve emplacar 2014\u00a0 &nbsp; Com os \u00e2nimos eleitorais esfriados, o PT procede uma avalia\u00e7\u00e3o sobre o peso eleitoral de cada um de seus principais quadros e os resultados n\u00e3o favorecem o chefe da Casa Civil, Rui Costa. Com a perda de munic\u00edpios importantes de sua corrente [&hellip;]<\/p>\n","protected":false},"author":2,"featured_media":0,"comment_status":"open","ping_status":"open","sticky":false,"template":"","format":"standard","meta":{"footnotes":"","_links_to":"","_links_to_target":""},"categories":[1],"tags":[],"class_list":["post-21886","post","type-post","status-publish","format-standard","hentry","category-geral"],"views":1312,"_links":{"self":[{"href":"https:\/\/www.sudoestehoje.com.br\/novoportal\/wp-json\/wp\/v2\/posts\/21886","targetHints":{"allow":["GET"]}}],"collection":[{"href":"https:\/\/www.sudoestehoje.com.br\/novoportal\/wp-json\/wp\/v2\/posts"}],"about":[{"href":"https:\/\/www.sudoestehoje.com.br\/novoportal\/wp-json\/wp\/v2\/types\/post"}],"author":[{"embeddable":true,"href":"https:\/\/www.sudoestehoje.com.br\/novoportal\/wp-json\/wp\/v2\/users\/2"}],"replies":[{"embeddable":true,"href":"https:\/\/www.sudoestehoje.com.br\/novoportal\/wp-json\/wp\/v2\/comments?post=21886"}],"version-history":[{"count":5,"href":"https:\/\/www.sudoestehoje.com.br\/novoportal\/wp-json\/wp\/v2\/posts\/21886\/revisions"}],"predecessor-version":[{"id":21891,"href":"https:\/\/www.sudoestehoje.com.br\/novoportal\/wp-json\/wp\/v2\/posts\/21886\/revisions\/21891"}],"wp:attachment":[{"href":"https:\/\/www.sudoestehoje.com.br\/novoportal\/wp-json\/wp\/v2\/media?parent=21886"}],"wp:term":[{"taxonomy":"category","embeddable":true,"href":"https:\/\/www.sudoestehoje.com.br\/novoportal\/wp-json\/wp\/v2\/categories?post=21886"},{"taxonomy":"post_tag","embeddable":true,"href":"https:\/\/www.sudoestehoje.com.br\/novoportal\/wp-json\/wp\/v2\/tags?post=21886"}],"curies":[{"name":"wp","href":"https:\/\/api.w.org\/{rel}","templated":true}]}}