
{"id":21878,"date":"2012-11-09T19:38:49","date_gmt":"2012-11-09T22:38:49","guid":{"rendered":"http:\/\/www.sudoestehoje.com.br\/novoportal\/?p=21878"},"modified":"2012-11-09T19:38:49","modified_gmt":"2012-11-09T22:38:49","slug":"governo-oficializa-anistia-politica-de-carlos-marighella","status":"publish","type":"post","link":"https:\/\/www.sudoestehoje.com.br\/novoportal\/2012\/11\/09\/governo-oficializa-anistia-politica-de-carlos-marighella\/","title":{"rendered":"GOVERNO OFICIALIZA ANISTIA POL\u00cdTICA DE CARLOS MARIGHELLA"},"content":{"rendered":"<div><img decoding=\"async\" class=\"aligncenter\" src=\"http:\/\/entrementes.com.br\/wp-content\/uploads\/2012\/11\/Marighella.jpg\" alt=\"\" width=\"400\" \/><\/div>\n<div><\/div>\n<div>\n<p>O ministro da Justi\u00e7a, Jos\u00e9 Eduardo Cardozo, oficializou a anistia post mortem de Carlos Marighella, guerrilheiro morto pelo regime militar (1964-1985) em 1969. A declara\u00e7\u00e3o est\u00e1 na Portaria 2.780, publicada nesta sexta-feira (9) no Di\u00e1rio Oficial da Uni\u00e3o. Marighella j\u00e1 havia recebido o reconhecimento em dezembro passado, na 6\u00aa Sess\u00e3o de Julgamento da Caravana da Anistia, realizada em Salvador. Marighella foi militante do Partido Comunista Brasileiro e um dos principais organizadores da luta armada contra o regime militar depois de 1964.<\/p>\n<p>Nascido em Salvador, Marighella morreu assassinado em 1969 em S\u00e3o Paulo por agentes da Delegacia de Ordem Pol\u00edtica e Social (Dops). Antes da anistia pol\u00edtica, o Estado j\u00e1 havia reconhecido, em 1996, que fora respons\u00e1vel pela sua morte.<!--more--><\/p>\n<p>O guerrilheiro iniciou a milit\u00e2ncia aos 18 anos de idade, quando se filiou ao Partido Comunista Brasileiro. Preso em 1936 durante a ditadura de Getulio Vargas, foi eleito deputado federal constituinte em 1946 e, no ano seguinte, foi cassado. Quase 20 anos depois, foi preso novamente pelo Dops. Em 1968, fundou a A\u00e7\u00e3o Libertadora Nacional (ALN). Em 5 de dezembro passado, quando a Comiss\u00e3o de Anistia se reuniu em Salvador, se completaram 100 anos do seu nascimento.<\/p>\n<p>De acordo com informa\u00e7\u00e3o prestada pelo Minist\u00e9rio da Justi\u00e7a em dezembro, a fam\u00edlia de Marighella n\u00e3o solicitou repara\u00e7\u00e3o econ\u00f4mica, apenas reconhecimento da persegui\u00e7\u00e3o ao militante. No total, foram publicadas na edi\u00e7\u00e3o desta sexta do Di\u00e1rio Oficial da Uni\u00e3o 34 portarias tratando de declara\u00e7\u00e3o de anistia, ratifica\u00e7\u00e3o de condi\u00e7\u00e3o de anistiado pol\u00edtico e concess\u00e3o de repara\u00e7\u00e3o indenizat\u00f3ria.<\/p>\n<\/div>\n","protected":false},"excerpt":{"rendered":"<p>O ministro da Justi\u00e7a, Jos\u00e9 Eduardo Cardozo, oficializou a anistia post mortem de Carlos Marighella, guerrilheiro morto pelo regime militar (1964-1985) em 1969. A declara\u00e7\u00e3o est\u00e1 na Portaria 2.780, publicada nesta sexta-feira (9) no Di\u00e1rio Oficial da Uni\u00e3o. Marighella j\u00e1 havia recebido o reconhecimento em dezembro passado, na 6\u00aa Sess\u00e3o de Julgamento da Caravana da [&hellip;]<\/p>\n","protected":false},"author":2,"featured_media":0,"comment_status":"open","ping_status":"open","sticky":false,"template":"","format":"standard","meta":{"footnotes":"","_links_to":"","_links_to_target":""},"categories":[1],"tags":[],"class_list":["post-21878","post","type-post","status-publish","format-standard","hentry","category-geral"],"views":1262,"_links":{"self":[{"href":"https:\/\/www.sudoestehoje.com.br\/novoportal\/wp-json\/wp\/v2\/posts\/21878","targetHints":{"allow":["GET"]}}],"collection":[{"href":"https:\/\/www.sudoestehoje.com.br\/novoportal\/wp-json\/wp\/v2\/posts"}],"about":[{"href":"https:\/\/www.sudoestehoje.com.br\/novoportal\/wp-json\/wp\/v2\/types\/post"}],"author":[{"embeddable":true,"href":"https:\/\/www.sudoestehoje.com.br\/novoportal\/wp-json\/wp\/v2\/users\/2"}],"replies":[{"embeddable":true,"href":"https:\/\/www.sudoestehoje.com.br\/novoportal\/wp-json\/wp\/v2\/comments?post=21878"}],"version-history":[{"count":3,"href":"https:\/\/www.sudoestehoje.com.br\/novoportal\/wp-json\/wp\/v2\/posts\/21878\/revisions"}],"predecessor-version":[{"id":21881,"href":"https:\/\/www.sudoestehoje.com.br\/novoportal\/wp-json\/wp\/v2\/posts\/21878\/revisions\/21881"}],"wp:attachment":[{"href":"https:\/\/www.sudoestehoje.com.br\/novoportal\/wp-json\/wp\/v2\/media?parent=21878"}],"wp:term":[{"taxonomy":"category","embeddable":true,"href":"https:\/\/www.sudoestehoje.com.br\/novoportal\/wp-json\/wp\/v2\/categories?post=21878"},{"taxonomy":"post_tag","embeddable":true,"href":"https:\/\/www.sudoestehoje.com.br\/novoportal\/wp-json\/wp\/v2\/tags?post=21878"}],"curies":[{"name":"wp","href":"https:\/\/api.w.org\/{rel}","templated":true}]}}