
{"id":21873,"date":"2012-11-09T09:56:54","date_gmt":"2012-11-09T12:56:54","guid":{"rendered":"http:\/\/www.sudoestehoje.com.br\/novoportal\/?p=21873"},"modified":"2012-11-09T09:59:49","modified_gmt":"2012-11-09T12:59:49","slug":"parabens-vitoria-da-conquista-pelos-172-anos-de-conquistas-e-vitorias","status":"publish","type":"post","link":"https:\/\/www.sudoestehoje.com.br\/novoportal\/2012\/11\/09\/parabens-vitoria-da-conquista-pelos-172-anos-de-conquistas-e-vitorias\/","title":{"rendered":"PARAB\u00c9NS VIT\u00d3RIA DA CONQUISTA, PELOS 172 ANOS DE CONQUISTAS E VIT\u00d3RIAS"},"content":{"rendered":"<p><img decoding=\"async\" class=\"aligncenter\" src=\"http:\/\/www.conquistaresortspa.com.br\/v1\/wp-content\/uploads\/2012\/03\/vitoria_da_conquista.jpg\" alt=\"\" width=\"500\" \/><\/p>\n<p>&nbsp;<\/p>\n<p>VIT\u00d3RIA DA CONQUISTA<\/p>\n<p>\u201cAs origens de Vit\u00f3ria da Conquista est\u00e3o ligadas ao esfor\u00e7o da administra\u00e7\u00e3o colonial portuguesa no sentido de estabelecer comunica\u00e7\u00f5es entre a zona litor\u00e2nea e o sert\u00e3o. Ao contr\u00e1rio do que sucedera \u00e0 zona do litoral norte, a faixa costeira que corre ao sul da Bahia de Todos os Santos permaneceu, at\u00e9 meados do s\u00e9culo XVIII, completamente isolada do interior. Para esta situa\u00e7\u00e3o concorriam a debilidade do movimento colonizador das duas capitanias \u2013 Ilh\u00e9us e Porto Seguro \u2013 a que se achavam vinculadas aquelas terras e, bem assim, a natureza in\u00f3spita das terras interiores, onde os ind\u00edgenas defendiam seus \u00faltimos redutos.<\/p>\n<p>Assim, os sert\u00f5es de Conquista permaneceram insulados durante longa fase da vida colonial, at\u00e9 que um bandeirante, o Mestre de Campo Jo\u00e3o da Silva Guimar\u00e3es, l\u00edder da Bandeira respons\u00e1vel pela ocupa\u00e7\u00e3o territorial do Sert\u00e3o, iniciada em 1752, obteve permiss\u00e3o do rei para guerrear os ind\u00edgenas que, desde o rio Verruga (hoje cidade de Itamb\u00e9) at\u00e9 as margens do Paragua\u00e7u, resistiam \u00e0s tentativas at\u00e9 ali realizadas para desaloj\u00e1-los de suas terras.<!--more--><\/p>\n<p>A origem do n\u00facleo populacional est\u00e1 relacionada \u00e0 busca de ouro, \u00e0 introdu\u00e7\u00e3o da atividade pecu\u00e1ria e ao pr\u00f3prio interesse da metr\u00f3pole portuguesa em criar um aglomerado urbano entre a regi\u00e3o litor\u00e2nea e o interior do Sert\u00e3o. Portanto, integra-se \u00e0 expans\u00e3o do ciclo de coloniza\u00e7\u00e3o dos fins do s\u00e9culo XVIII<\/p>\n<p>Entrando em luta com os silv\u00edcolas, no lugar posteriormente chamado Batalha, o sertanista, ajudado por seu genro Jo\u00e3o Gon\u00e7alves da Costa, sentiu que o combate lhe era desfavor\u00e1vel; conta a tradi\u00e7\u00e3o que, nesta conting\u00eancia, o Mestre de Campo prometeu a Nossa Senhora das Vit\u00f3rias levantar uma capela sob sua invoca\u00e7\u00e3o, no mesmo lugar em que viesse a bater os abor\u00edgenes. Reanimados com a promessa, os invasores conseguiram vencer.<\/p>\n<p>Retirando-se mais tarde para Minas Gerais, o chefe bandeirante deixou o governo das aldeias ind\u00edgenas entregue a seu genro Jo\u00e3o Gon\u00e7alves da Costa, que, com os filhos, explorou a floresta e abriu as primeiras estradas para o litoral, ligando os sert\u00f5es de Conquista a Ilh\u00e9us, Canavieiras, Belmonte, etc. Pelas estradas abertas pelo sertanista, chegavam a Ilh\u00e9us, em 1783, as primeiras cabe\u00e7as de gado destinadas ao consumo da popula\u00e7\u00e3o.<\/p>\n<p>O Arraial da Conquista foi fundado em 1783 pelo sertanista portugu\u00eas Jo\u00e3o Gon\u00e7alves da Costa, nascido em Chaves em 1720, no Alto T\u00e2mega, na regi\u00e3o de Tr\u00e1s-os-Montes que com dezesseis anos de idade, veio para o Brasil a servi\u00e7o de D. Jos\u00e9 I, Rei de Portugal, com a miss\u00e3o de conquistar as terra ao oeste da costa da Bahia.<\/p>\n<p>Os anos que se seguem ainda s\u00e3o assinalados pela resist\u00eancia espor\u00e1dica dos nativos, at\u00e9 que, em 1806, \u00e9 feita a paz, localizando-se os ind\u00edgenas em sete aldeias, ao norte do rio Patite (Pardo).<\/p>\n<p>O Munic\u00edpio surgiu a 19 de maio de 1840, tornando-se conhecido como centro pecu\u00e1rio.<\/p>\n","protected":false},"excerpt":{"rendered":"<p>&nbsp; VIT\u00d3RIA DA CONQUISTA \u201cAs origens de Vit\u00f3ria da Conquista est\u00e3o ligadas ao esfor\u00e7o da administra\u00e7\u00e3o colonial portuguesa no sentido de estabelecer comunica\u00e7\u00f5es entre a zona litor\u00e2nea e o sert\u00e3o. Ao contr\u00e1rio do que sucedera \u00e0 zona do litoral norte, a faixa costeira que corre ao sul da Bahia de Todos os Santos permaneceu, at\u00e9 [&hellip;]<\/p>\n","protected":false},"author":2,"featured_media":0,"comment_status":"open","ping_status":"open","sticky":false,"template":"","format":"standard","meta":{"footnotes":"","_links_to":"","_links_to_target":""},"categories":[1],"tags":[],"class_list":["post-21873","post","type-post","status-publish","format-standard","hentry","category-geral"],"views":2354,"_links":{"self":[{"href":"https:\/\/www.sudoestehoje.com.br\/novoportal\/wp-json\/wp\/v2\/posts\/21873","targetHints":{"allow":["GET"]}}],"collection":[{"href":"https:\/\/www.sudoestehoje.com.br\/novoportal\/wp-json\/wp\/v2\/posts"}],"about":[{"href":"https:\/\/www.sudoestehoje.com.br\/novoportal\/wp-json\/wp\/v2\/types\/post"}],"author":[{"embeddable":true,"href":"https:\/\/www.sudoestehoje.com.br\/novoportal\/wp-json\/wp\/v2\/users\/2"}],"replies":[{"embeddable":true,"href":"https:\/\/www.sudoestehoje.com.br\/novoportal\/wp-json\/wp\/v2\/comments?post=21873"}],"version-history":[{"count":4,"href":"https:\/\/www.sudoestehoje.com.br\/novoportal\/wp-json\/wp\/v2\/posts\/21873\/revisions"}],"predecessor-version":[{"id":21876,"href":"https:\/\/www.sudoestehoje.com.br\/novoportal\/wp-json\/wp\/v2\/posts\/21873\/revisions\/21876"}],"wp:attachment":[{"href":"https:\/\/www.sudoestehoje.com.br\/novoportal\/wp-json\/wp\/v2\/media?parent=21873"}],"wp:term":[{"taxonomy":"category","embeddable":true,"href":"https:\/\/www.sudoestehoje.com.br\/novoportal\/wp-json\/wp\/v2\/categories?post=21873"},{"taxonomy":"post_tag","embeddable":true,"href":"https:\/\/www.sudoestehoje.com.br\/novoportal\/wp-json\/wp\/v2\/tags?post=21873"}],"curies":[{"name":"wp","href":"https:\/\/api.w.org\/{rel}","templated":true}]}}