
{"id":21856,"date":"2012-11-07T09:41:39","date_gmt":"2012-11-07T12:41:39","guid":{"rendered":"http:\/\/www.sudoestehoje.com.br\/novoportal\/?p=21856"},"modified":"2012-11-07T10:30:41","modified_gmt":"2012-11-07T13:30:41","slug":"barack-obama-e-reeleito-presidente-dos-estados-unidos","status":"publish","type":"post","link":"https:\/\/www.sudoestehoje.com.br\/novoportal\/2012\/11\/07\/barack-obama-e-reeleito-presidente-dos-estados-unidos\/","title":{"rendered":"BARACK OBAMA \u00c9 REELEITO PRESIDENTE DOS ESTADOS UNIDOS"},"content":{"rendered":"<p><img decoding=\"async\" class=\"aligncenter\" src=\"http:\/\/www.dn.pt\/storage\/DN\/2012\/big\/ng2208292.JPG?type=big&amp;pos=0\" alt=\"\" width=\"400\" \/><\/p>\n<p>&nbsp;<\/p>\n<p>O democrata Barack Obama foi reeleito presidente dos EUA na madrugada desta quarta-feira (7), segundo proje\u00e7\u00f5es das redes de TV americanas CNN, Fox News e NBC. Obama derrota o candidato republicano Mitt Romney em uma vota\u00e7\u00e3o acirrada. Pelo Twitter, o chefe da na\u00e7\u00e3o americana comentou brevemente a vit\u00f3ria. &#8220;Mais quatro anos&#8221;, postou, acrescentando uma imagem em que aparece abra\u00e7ando a esposa, Michelle Obama.<\/p>\n<p>O candidato Romney se manifestou reconhecendo a derrota e parabenizando o presidente Obama em discurso na cidade de Boston. Antes, o republicano ligou para o presidente. Em sua fala, Romney agradeceu o apoio da fam\u00edlia durante a dura campanha. &#8220;Esta \u00e9 uma \u00e9poca de grandes desafios para o pa\u00eds e eu espero que o presidente tenha sucesso em guiar a na\u00e7\u00e3o&#8221;, declarou, dizendo torcer pelo \u00eaxito de Obama.<\/p>\n<p>At\u00e9 as 2h50 desta quarta (hor\u00e1rio de Salvador), Obama contava com 303 dos 538 votos do Col\u00e9gio Eleitoral dos EUA. Romney contabilizava 203 votos &#8211; j\u00e1 mais do que o candidato republicano derrotado por Obama em 2008, John McCain, que conseguiu um total de 173 votos. Para ser eleito presidente, s\u00e3o necess\u00e1rios pelo menos 270 votos. Os resultados oficiais e finais das elei\u00e7\u00f5es, no entanto, ainda n\u00e3o foram divulgados.<\/p>\n<p><strong><em>Correio<\/em><\/strong><\/p>\n","protected":false},"excerpt":{"rendered":"<p>&nbsp; O democrata Barack Obama foi reeleito presidente dos EUA na madrugada desta quarta-feira (7), segundo proje\u00e7\u00f5es das redes de TV americanas CNN, Fox News e NBC. Obama derrota o candidato republicano Mitt Romney em uma vota\u00e7\u00e3o acirrada. Pelo Twitter, o chefe da na\u00e7\u00e3o americana comentou brevemente a vit\u00f3ria. &#8220;Mais quatro anos&#8221;, postou, acrescentando uma [&hellip;]<\/p>\n","protected":false},"author":2,"featured_media":0,"comment_status":"open","ping_status":"open","sticky":false,"template":"","format":"standard","meta":{"footnotes":"","_links_to":"","_links_to_target":""},"categories":[1],"tags":[],"class_list":["post-21856","post","type-post","status-publish","format-standard","hentry","category-geral"],"views":997,"_links":{"self":[{"href":"https:\/\/www.sudoestehoje.com.br\/novoportal\/wp-json\/wp\/v2\/posts\/21856","targetHints":{"allow":["GET"]}}],"collection":[{"href":"https:\/\/www.sudoestehoje.com.br\/novoportal\/wp-json\/wp\/v2\/posts"}],"about":[{"href":"https:\/\/www.sudoestehoje.com.br\/novoportal\/wp-json\/wp\/v2\/types\/post"}],"author":[{"embeddable":true,"href":"https:\/\/www.sudoestehoje.com.br\/novoportal\/wp-json\/wp\/v2\/users\/2"}],"replies":[{"embeddable":true,"href":"https:\/\/www.sudoestehoje.com.br\/novoportal\/wp-json\/wp\/v2\/comments?post=21856"}],"version-history":[{"count":4,"href":"https:\/\/www.sudoestehoje.com.br\/novoportal\/wp-json\/wp\/v2\/posts\/21856\/revisions"}],"predecessor-version":[{"id":21859,"href":"https:\/\/www.sudoestehoje.com.br\/novoportal\/wp-json\/wp\/v2\/posts\/21856\/revisions\/21859"}],"wp:attachment":[{"href":"https:\/\/www.sudoestehoje.com.br\/novoportal\/wp-json\/wp\/v2\/media?parent=21856"}],"wp:term":[{"taxonomy":"category","embeddable":true,"href":"https:\/\/www.sudoestehoje.com.br\/novoportal\/wp-json\/wp\/v2\/categories?post=21856"},{"taxonomy":"post_tag","embeddable":true,"href":"https:\/\/www.sudoestehoje.com.br\/novoportal\/wp-json\/wp\/v2\/tags?post=21856"}],"curies":[{"name":"wp","href":"https:\/\/api.w.org\/{rel}","templated":true}]}}