
{"id":21850,"date":"2012-11-06T22:32:22","date_gmt":"2012-11-07T01:32:22","guid":{"rendered":"http:\/\/www.sudoestehoje.com.br\/novoportal\/?p=21850"},"modified":"2012-11-06T22:32:22","modified_gmt":"2012-11-07T01:32:22","slug":"itapetinga-comecou-a-temporada-de-demissoes-na-prefeitura","status":"publish","type":"post","link":"https:\/\/www.sudoestehoje.com.br\/novoportal\/2012\/11\/06\/itapetinga-comecou-a-temporada-de-demissoes-na-prefeitura\/","title":{"rendered":"ITAPETINGA: COME\u00c7OU A TEMPORADA DE DEMISS\u00d5ES NA PREFEITURA"},"content":{"rendered":"<p style=\"text-align: center;\"><img decoding=\"async\" class=\"aligncenter\" src=\"http:\/\/www.clickpb.com.br\/static\/images\/dynamic\/articles\/2012\/01\/associacao-realiza-assembleia-para-discutir-demissao-de-15-mil-servidores-do-estado.jpg.280x200_q85_crop.jpg\" alt=\"\" width=\"400\" \/><\/p>\n<p>&nbsp;<\/p>\n<p>Nos \u00faltimos dias, o Di\u00e1rio Oficial Eletr\u00f4nico da Prefeitura de Itapetinga tem vindo recheado de decretos e portarias de exonera\u00e7\u00e3o de detentores de cargos de confian\u00e7a, o que confirma a disposi\u00e7\u00e3o do prefeito em &#8216;limpar a \u00e1rea&#8217;, livrando-se do peso excessivo na folha de pagamento e de antigos colaboradores, hoje considerados &#8216;indesej\u00e1veis&#8217; no grupo do prefeito.<\/p>\n<p>Puxando a lista dos demitidos, aparecem nomes conhecidos como Rob\u00e9rio &#8220;Pep\u00eata&#8217;, ligado politicamente ao vereador derrotado Romildo Teixeira, Jos\u00e9 Heroilton Pales, da cota do tamb\u00e9m derrotado Jacy Almeida, e Valdir Chagas do Nascimento, irm\u00e3o do vereador reeleito Valdeir Chagas.<\/p>\n<p>Outros nomes igualmente conhecidos, como Josaf\u00e1 Moreira, Itana Rios, Jurema Rosendo, Nailton Bonfim Negreiro, \u00a0Cleydiana Paiva Borges, Criswagner Oliveira Feitosa, Jornando Jos\u00e9 Alves, Rubem Nabir Oliveira, Danilo Ferreira Nogueira, Ilva de Amorim Silveira, Ursula Silva Sacramento, Ala\u00e9rcio Santos Oliveira, Heneile Nascimento Carvalho e Inara Marli Pinheiro Teles Silva, tamb\u00e9m aparecem nos decretos e portarias de exonera\u00e7\u00e3o assinados do prefeito, publicados no Di\u00e1rio Oficial da \u00faltima quinta-feira (1).<\/p>\n<p>H\u00e1 not\u00edcias de que a lista dos futuros exonerados \u00e9 extensa e que um grande n\u00famero de contratados e terceirizados j\u00e1 foram afastados na surdina, para n\u00e3o gerar pol\u00eamica. Tudo dentro das previs\u00f5es e da l\u00f3gica eleitoreira do PT local.<\/p>\n<p>Salve-se quem puder&#8230;<\/p>\n<p><strong><em>Por Davi Ferraz\u00a0<\/em><\/strong><\/p>\n","protected":false},"excerpt":{"rendered":"<p>&nbsp; Nos \u00faltimos dias, o Di\u00e1rio Oficial Eletr\u00f4nico da Prefeitura de Itapetinga tem vindo recheado de decretos e portarias de exonera\u00e7\u00e3o de detentores de cargos de confian\u00e7a, o que confirma a disposi\u00e7\u00e3o do prefeito em &#8216;limpar a \u00e1rea&#8217;, livrando-se do peso excessivo na folha de pagamento e de antigos colaboradores, hoje considerados &#8216;indesej\u00e1veis&#8217; no grupo [&hellip;]<\/p>\n","protected":false},"author":2,"featured_media":0,"comment_status":"open","ping_status":"open","sticky":false,"template":"","format":"standard","meta":{"footnotes":"","_links_to":"","_links_to_target":""},"categories":[1],"tags":[],"class_list":["post-21850","post","type-post","status-publish","format-standard","hentry","category-geral"],"views":1808,"_links":{"self":[{"href":"https:\/\/www.sudoestehoje.com.br\/novoportal\/wp-json\/wp\/v2\/posts\/21850","targetHints":{"allow":["GET"]}}],"collection":[{"href":"https:\/\/www.sudoestehoje.com.br\/novoportal\/wp-json\/wp\/v2\/posts"}],"about":[{"href":"https:\/\/www.sudoestehoje.com.br\/novoportal\/wp-json\/wp\/v2\/types\/post"}],"author":[{"embeddable":true,"href":"https:\/\/www.sudoestehoje.com.br\/novoportal\/wp-json\/wp\/v2\/users\/2"}],"replies":[{"embeddable":true,"href":"https:\/\/www.sudoestehoje.com.br\/novoportal\/wp-json\/wp\/v2\/comments?post=21850"}],"version-history":[{"count":5,"href":"https:\/\/www.sudoestehoje.com.br\/novoportal\/wp-json\/wp\/v2\/posts\/21850\/revisions"}],"predecessor-version":[{"id":21855,"href":"https:\/\/www.sudoestehoje.com.br\/novoportal\/wp-json\/wp\/v2\/posts\/21850\/revisions\/21855"}],"wp:attachment":[{"href":"https:\/\/www.sudoestehoje.com.br\/novoportal\/wp-json\/wp\/v2\/media?parent=21850"}],"wp:term":[{"taxonomy":"category","embeddable":true,"href":"https:\/\/www.sudoestehoje.com.br\/novoportal\/wp-json\/wp\/v2\/categories?post=21850"},{"taxonomy":"post_tag","embeddable":true,"href":"https:\/\/www.sudoestehoje.com.br\/novoportal\/wp-json\/wp\/v2\/tags?post=21850"}],"curies":[{"name":"wp","href":"https:\/\/api.w.org\/{rel}","templated":true}]}}