
{"id":21835,"date":"2012-11-05T21:18:40","date_gmt":"2012-11-06T00:18:40","guid":{"rendered":"http:\/\/www.sudoestehoje.com.br\/novoportal\/?p=21835"},"modified":"2012-11-05T21:18:40","modified_gmt":"2012-11-06T00:18:40","slug":"promotor-de-verdade-faz-assim","status":"publish","type":"post","link":"https:\/\/www.sudoestehoje.com.br\/novoportal\/2012\/11\/05\/promotor-de-verdade-faz-assim\/","title":{"rendered":"PROMOTOR DE VERDADE FAZ ASSIM"},"content":{"rendered":"<p><img decoding=\"async\" class=\"aligncenter\" src=\"http:\/\/files.neiltonbrito.webnode.com.br\/200000203-1b13b1c0d9\/A%20Reporter%20Neilton%20entrevistando.jpg\" alt=\"\" width=\"400\" \/><\/p>\n<p style=\"text-align: center;\"><em>Promotor conseguiu o afastamento do prefeito de Jita\u00fana e secret\u00e1rios<\/em><\/p>\n<p>&nbsp;<\/p>\n<p>A ju\u00edza da comarca de Jita\u00fana, Juliana Campos, determinou o afastamento cautelar do prefeito do munic\u00edpio, Edisio Alves, da secret\u00e1ria municipal de Educa\u00e7\u00e3o, Lilian de Oliveira, da vereadora Marileide Santana e do diretor de finan\u00e7as do munic\u00edpio, Jo\u00e3o Matos. A magistrada acatou requerimento do Minist\u00e9rio P\u00fablico estadual. Oficiais de Justi\u00e7a tamb\u00e9m realizaram busca e apreens\u00e3o de documentos nos dias 30 de outubro, na sede da Prefeitura Municipal de Jita\u00fana, e dia 31, na sede da Secretaria Municipal de Educa\u00e7\u00e3o.<\/p>\n<p>A a\u00e7\u00e3o civil p\u00fablica por ato de improbidade administrativa com pedido de antecipa\u00e7\u00e3o de tutela do promotor Francisco Melo Mascarenhas foi motivada por <em>atraso no pagamento dos sal\u00e1rios de servidores municipais<\/em> que n\u00e3o apoiaram o prefeito Ed\u00edsio Alves, na \u00faltima elei\u00e7\u00e3o municipal, e <em>aus\u00eancia de repasse e apropria\u00e7\u00e3o indevida dos valores descontados nas folhas dos servidores p\u00fablicos<\/em>.\u00a0De acordo com a a\u00e7\u00e3o, tamb\u00e9m <em>n\u00e3o houve repasse das contribui\u00e7\u00f5es sindicais descontadas da remunera\u00e7\u00e3o dos servidores.<\/em><\/p>\n<p>O promotor afirmou que foi concedida licen\u00e7a pr\u00eamio de 90 dias aos professores municipais, com o objetivo de justificar a <em>contrata\u00e7\u00e3o irregular tempor\u00e1ria de professores substitutos em troca de participa\u00e7\u00e3o efetiva na campanha eleitoral dos candidatos ao cargo de prefeito e vereador<\/em> indicados pelos acionados. Para ocultar a pr\u00e1tica il\u00edcita, os rec\u00e9m-contratados prestaram servi\u00e7o \u00e0 Prefeitura Municipal de Jita\u00fana sem integrar o quadro de pessoal. Com informa\u00e7\u00f5es do Correio.<\/p>\n","protected":false},"excerpt":{"rendered":"<p>Promotor conseguiu o afastamento do prefeito de Jita\u00fana e secret\u00e1rios &nbsp; A ju\u00edza da comarca de Jita\u00fana, Juliana Campos, determinou o afastamento cautelar do prefeito do munic\u00edpio, Edisio Alves, da secret\u00e1ria municipal de Educa\u00e7\u00e3o, Lilian de Oliveira, da vereadora Marileide Santana e do diretor de finan\u00e7as do munic\u00edpio, Jo\u00e3o Matos. A magistrada acatou requerimento do [&hellip;]<\/p>\n","protected":false},"author":2,"featured_media":0,"comment_status":"open","ping_status":"open","sticky":false,"template":"","format":"standard","meta":{"footnotes":"","_links_to":"","_links_to_target":""},"categories":[1],"tags":[],"class_list":["post-21835","post","type-post","status-publish","format-standard","hentry","category-geral"],"views":1536,"_links":{"self":[{"href":"https:\/\/www.sudoestehoje.com.br\/novoportal\/wp-json\/wp\/v2\/posts\/21835","targetHints":{"allow":["GET"]}}],"collection":[{"href":"https:\/\/www.sudoestehoje.com.br\/novoportal\/wp-json\/wp\/v2\/posts"}],"about":[{"href":"https:\/\/www.sudoestehoje.com.br\/novoportal\/wp-json\/wp\/v2\/types\/post"}],"author":[{"embeddable":true,"href":"https:\/\/www.sudoestehoje.com.br\/novoportal\/wp-json\/wp\/v2\/users\/2"}],"replies":[{"embeddable":true,"href":"https:\/\/www.sudoestehoje.com.br\/novoportal\/wp-json\/wp\/v2\/comments?post=21835"}],"version-history":[{"count":4,"href":"https:\/\/www.sudoestehoje.com.br\/novoportal\/wp-json\/wp\/v2\/posts\/21835\/revisions"}],"predecessor-version":[{"id":21839,"href":"https:\/\/www.sudoestehoje.com.br\/novoportal\/wp-json\/wp\/v2\/posts\/21835\/revisions\/21839"}],"wp:attachment":[{"href":"https:\/\/www.sudoestehoje.com.br\/novoportal\/wp-json\/wp\/v2\/media?parent=21835"}],"wp:term":[{"taxonomy":"category","embeddable":true,"href":"https:\/\/www.sudoestehoje.com.br\/novoportal\/wp-json\/wp\/v2\/categories?post=21835"},{"taxonomy":"post_tag","embeddable":true,"href":"https:\/\/www.sudoestehoje.com.br\/novoportal\/wp-json\/wp\/v2\/tags?post=21835"}],"curies":[{"name":"wp","href":"https:\/\/api.w.org\/{rel}","templated":true}]}}