
{"id":218,"date":"2010-09-02T00:01:51","date_gmt":"2010-09-02T03:01:51","guid":{"rendered":"http:\/\/sudoestehoje.tempsite.ws\/novoportal\/?p=218"},"modified":"2010-09-18T13:47:52","modified_gmt":"2010-09-18T16:47:52","slug":"heraldo-rocha-briga-para-transferir-paciente-de-itapetinga-para-hospital-em-salvador","status":"publish","type":"post","link":"https:\/\/www.sudoestehoje.com.br\/novoportal\/2010\/09\/02\/heraldo-rocha-briga-para-transferir-paciente-de-itapetinga-para-hospital-em-salvador\/","title":{"rendered":"HERALDO ROCHA BRIGA PARA TRANSFERIR PACIENTE DE ITAPETINGA PARA HOSPITAL EM SALVADOR"},"content":{"rendered":"<div>\n<div style=\"text-align: center;\"><img decoding=\"async\" src=\"http:\/\/purapolitica.com.br\/novosite\/wp-content\/uploads\/2010\/03\/Heraldo-Rocha-DEM.JPG\" border=\"0\" alt=\"\" \/><\/div>\n<p>O  deputado estadual Heraldo Rocha enviou nesta ter\u00e7a-feira, 31, um  requerimento ao Minist\u00e9rio P\u00fablico da Bahia, denunciando e solicitando a  interven\u00e7\u00e3o do \u00f3rg\u00e3o, junto \u00e0 Secretaria Estadual da Sa\u00fade, no sentido  de que seja assegurado a urgente transfer\u00eancia e internamento do  paciente F\u00e1bio Teixeira de Brito(natural de Itapetinga), da cidade de  Vit\u00f3ria da Conquista para uma unidade hospitalar em Salvador, por  apresentar quadro cl\u00ednico e laboratorial de Leucemia Aguda.<\/p>\n<p>De  acordo com o relat\u00f3rio m\u00e9dico, expedido pelo Dr. Luiz Santos Andrade, o  citado paciente de 34 anos, encontra-se internado no Hospital Geral de  Vit\u00f3ria da Conquista (HGVC), necessitando, com urg\u00eancia, de  transfer\u00eancia para algum centro hospitalar da capital baiana que  disponha de capacita\u00e7\u00e3o para o tratamento de que precisa, haja vista que  o HGVC n\u00e3o re\u00fane condi\u00e7\u00f5es operacionais para tal prop\u00f3sito.<\/p>\n<p><!--more--><\/p>\n<p>Segundo informa\u00e7\u00f5es de  familiares de F\u00e1bio Teixeira de Brito, todos os poss\u00edveis esfor\u00e7os  aoalcance dos mesmos foram utilizados na cidade de Vit\u00f3ria da Conquista  para, prontamente, providenciar seu devido socorro. Ap\u00f3s aguardarem o  atendimento de F\u00e1bio pelo HGVC, foram<br \/>\ninformados da necessidade da  transfer\u00eancia deste para um hospital mais apropriado, devido \u00e0 gravidade  do seu estado cl\u00ednico. H\u00e1 dias que todos (familiares e amigos) est\u00e3o  nessa verdadeira odisseia em prol da sa\u00fade do paciente F\u00e1bio, sem,  contudo, obterem uma decis\u00e3o<br \/>\nfavor\u00e1vel. O m\u00e1ximo que conseguiram foi a  explica\u00e7\u00e3o, por parte dos \u00f3rg\u00e3os subordinados \u00e0 Secretaria Estadual da  Sa\u00fade, de que n\u00e3o havia vaga dispon\u00edvel em nenhuma unidade m\u00e9dica em  Salvador.<\/p>\n<p>O l\u00edder  oposicionista, ressalta em seu documento o agravante fato de que uma  demora maior nessa transfer\u00eancia de Vit\u00f3ria da Conquista para a capital  baiana pode implicar em s\u00e9rio preju\u00edzo \u00e0 sa\u00fade e colocar em risco a vida  do paciente F\u00e1bio Teixeira de Brito. Heraldo Rocha lastima toda essa  situa\u00e7\u00e3o, especialmente pelo fato de que, mesmo sabendo da situa\u00e7\u00e3o por  que passa o paciente, nada de concreto est\u00e1 sendo feito pela SESAB em  seu favor, demonstrando, mais uma vez, segundo o deputado, a insensatez e  a indiferen\u00e7a do governo estadual no gerenciamento destes servi\u00e7os, o  que, efetivamente &#8211; em virtude dos problemas similares ocorridos at\u00e9  ent\u00e3o -, motivo do seu total e irrestrito rep\u00fadio.<\/p>\n<p>\u201cComo  parlamentar devo afirmar que enquanto existirem falhas governamentais  como essa que agora estamos denunciando, n\u00e3o refutarei em, prontamente,  colocar-me solid\u00e1rio \u00e0s afli\u00e7\u00f5es dopovo baiano, particularmente neste  caso, ao sofrimento e a ang\u00fastia por que passa o paciente<br \/>\nF\u00e1bio Teixeira de Brito.<\/p>\n<p>Espero  que a Exma. Coordenadora do Grupo de Atua\u00e7\u00e3o Especial em Defesa da  Sa\u00fade-GESAU, do MP-BA, Dra. Itana Viana atue, urgentemente, nesta  quest\u00e3o para que o governo estadual, especificamente a Secretaria  Estadual da Sa\u00fade, seja provocado a efetivar, o mais r\u00e1pido<br \/>\nposs\u00edvel,  a transfer\u00eancia do paciente F\u00e1bio Teixeira de Brito para um hospital de  Salvador que tenha condi\u00e7\u00f5es de reverter o seu grave quadro cl\u00ednico,  sobretudo por ser a sa\u00fade direito fundamental do cidad\u00e3o e tamb\u00e9m  servi\u00e7o de relev\u00e2ncia p\u00fablica. Cumpre ao Minist\u00e9rio P\u00fablico da<br \/>\nBahia  zelar pela prote\u00e7\u00e3o do paciente F\u00e1bio Teixeira de Brito, e de todos os  demais cidad\u00e3os baianos que, igualmente a ele, aguardam aflitos e  esperan\u00e7osos, em filas desumanas, por vagas em hospitais, face ao  descaso do executivo baiano\u201d, finaliza Heraldo Rocha.<\/p>\n<\/div>\n","protected":false},"excerpt":{"rendered":"<p>O deputado estadual Heraldo Rocha enviou nesta ter\u00e7a-feira, 31, um requerimento ao Minist\u00e9rio P\u00fablico da Bahia, denunciando e solicitando a interven\u00e7\u00e3o do \u00f3rg\u00e3o, junto \u00e0 Secretaria Estadual da Sa\u00fade, no sentido de que seja assegurado a urgente transfer\u00eancia e internamento do paciente F\u00e1bio Teixeira de Brito(natural de Itapetinga), da cidade de Vit\u00f3ria da Conquista para [&hellip;]<\/p>\n","protected":false},"author":1,"featured_media":0,"comment_status":"open","ping_status":"open","sticky":false,"template":"","format":"standard","meta":{"footnotes":"","_links_to":"","_links_to_target":""},"categories":[1],"tags":[],"class_list":["post-218","post","type-post","status-publish","format-standard","hentry","category-geral"],"views":1192,"_links":{"self":[{"href":"https:\/\/www.sudoestehoje.com.br\/novoportal\/wp-json\/wp\/v2\/posts\/218","targetHints":{"allow":["GET"]}}],"collection":[{"href":"https:\/\/www.sudoestehoje.com.br\/novoportal\/wp-json\/wp\/v2\/posts"}],"about":[{"href":"https:\/\/www.sudoestehoje.com.br\/novoportal\/wp-json\/wp\/v2\/types\/post"}],"author":[{"embeddable":true,"href":"https:\/\/www.sudoestehoje.com.br\/novoportal\/wp-json\/wp\/v2\/users\/1"}],"replies":[{"embeddable":true,"href":"https:\/\/www.sudoestehoje.com.br\/novoportal\/wp-json\/wp\/v2\/comments?post=218"}],"version-history":[{"count":1,"href":"https:\/\/www.sudoestehoje.com.br\/novoportal\/wp-json\/wp\/v2\/posts\/218\/revisions"}],"predecessor-version":[{"id":219,"href":"https:\/\/www.sudoestehoje.com.br\/novoportal\/wp-json\/wp\/v2\/posts\/218\/revisions\/219"}],"wp:attachment":[{"href":"https:\/\/www.sudoestehoje.com.br\/novoportal\/wp-json\/wp\/v2\/media?parent=218"}],"wp:term":[{"taxonomy":"category","embeddable":true,"href":"https:\/\/www.sudoestehoje.com.br\/novoportal\/wp-json\/wp\/v2\/categories?post=218"},{"taxonomy":"post_tag","embeddable":true,"href":"https:\/\/www.sudoestehoje.com.br\/novoportal\/wp-json\/wp\/v2\/tags?post=218"}],"curies":[{"name":"wp","href":"https:\/\/api.w.org\/{rel}","templated":true}]}}