
{"id":21786,"date":"2012-11-02T13:12:46","date_gmt":"2012-11-02T16:12:46","guid":{"rendered":"http:\/\/www.sudoestehoje.com.br\/novoportal\/?p=21786"},"modified":"2012-11-02T13:12:46","modified_gmt":"2012-11-02T16:12:46","slug":"ibope-em-baixa","status":"publish","type":"post","link":"https:\/\/www.sudoestehoje.com.br\/novoportal\/2012\/11\/02\/ibope-em-baixa\/","title":{"rendered":"IBOPE EM BAIXA"},"content":{"rendered":"<p><img decoding=\"async\" class=\"aligncenter\" src=\"http:\/\/s1.ibsttc.net\/uploads\/RTEmagicC_dilma-e-wagner-1.jpg.jpg\" alt=\"\" width=\"400\" \/><\/p>\n<p style=\"text-align: center;\"><em>Avalia\u00e7\u00e3o dos governos de Dilma e Wagner despenca em Salvador<\/em><\/p>\n<p>&nbsp;<\/p>\n<p>A avalia\u00e7\u00e3o positiva do governo da presidente Dilma Rousseff (PT) teve a segunda pior posi\u00e7\u00e3o em Salvador, de acordo com dados de pesquisa do Ibope divulgados nesta quinta-feira (1\u00ba). As capitais onde a presidente registra seus \u00edndices mais baixos s\u00e3o Vit\u00f3ria (50%), Salvador (51%), Aracaju (51%), Goi\u00e2nia (53%) e Curitiba (54%).<\/p>\n<p>O instituto tamb\u00e9m levantou a avalia\u00e7\u00e3o de \u00f3tima\/boa para os cargos de governador e prefeito nas capitais. Em Salvador, o governo de Jaques Wagner tamb\u00e9m ficou em segundo lugar entre os governadores com menor \u00edndice de avalia\u00e7\u00e3o positiva. Atr\u00e1s apenas da gest\u00e3o de Rond\u00f4nia, sob comando de Confucio Moura (PMDB), a administra\u00e7\u00e3o do governo Wagner foi avaliada positivamente apenas por 18% dos entrevistados.<\/p>\n<p>A prefeita afastada de Natal (RN), Micarla de Sousa (PV), ficou em \u00faltimo lugar entre os prefeitos considerados como \u00f3timos\/bons pelos entrevistados nas capitais. Logo ap\u00f3s, em pen\u00faltimo, aparece a administra\u00e7\u00e3o do prefeito de Salvador, Jo\u00e3o Henrique, avaliado de maneira positiva\u00a0por\u00a0apenas 5% dos soteropolitanos.\u00a0<a href=\"http:\/\/www.bahianoticias.com.br\/ckfinder\/userfiles\/files\/IBOPE.jpg\" target=\"_blank\"><strong>Veja aqui os dados completos da pesquisa em todo o pa\u00eds.<\/strong><\/a><\/p>\n","protected":false},"excerpt":{"rendered":"<p>Avalia\u00e7\u00e3o dos governos de Dilma e Wagner despenca em Salvador &nbsp; A avalia\u00e7\u00e3o positiva do governo da presidente Dilma Rousseff (PT) teve a segunda pior posi\u00e7\u00e3o em Salvador, de acordo com dados de pesquisa do Ibope divulgados nesta quinta-feira (1\u00ba). As capitais onde a presidente registra seus \u00edndices mais baixos s\u00e3o Vit\u00f3ria (50%), Salvador (51%), [&hellip;]<\/p>\n","protected":false},"author":2,"featured_media":0,"comment_status":"open","ping_status":"open","sticky":false,"template":"","format":"standard","meta":{"footnotes":"","_links_to":"","_links_to_target":""},"categories":[1],"tags":[],"class_list":["post-21786","post","type-post","status-publish","format-standard","hentry","category-geral"],"views":1232,"_links":{"self":[{"href":"https:\/\/www.sudoestehoje.com.br\/novoportal\/wp-json\/wp\/v2\/posts\/21786","targetHints":{"allow":["GET"]}}],"collection":[{"href":"https:\/\/www.sudoestehoje.com.br\/novoportal\/wp-json\/wp\/v2\/posts"}],"about":[{"href":"https:\/\/www.sudoestehoje.com.br\/novoportal\/wp-json\/wp\/v2\/types\/post"}],"author":[{"embeddable":true,"href":"https:\/\/www.sudoestehoje.com.br\/novoportal\/wp-json\/wp\/v2\/users\/2"}],"replies":[{"embeddable":true,"href":"https:\/\/www.sudoestehoje.com.br\/novoportal\/wp-json\/wp\/v2\/comments?post=21786"}],"version-history":[{"count":2,"href":"https:\/\/www.sudoestehoje.com.br\/novoportal\/wp-json\/wp\/v2\/posts\/21786\/revisions"}],"predecessor-version":[{"id":21788,"href":"https:\/\/www.sudoestehoje.com.br\/novoportal\/wp-json\/wp\/v2\/posts\/21786\/revisions\/21788"}],"wp:attachment":[{"href":"https:\/\/www.sudoestehoje.com.br\/novoportal\/wp-json\/wp\/v2\/media?parent=21786"}],"wp:term":[{"taxonomy":"category","embeddable":true,"href":"https:\/\/www.sudoestehoje.com.br\/novoportal\/wp-json\/wp\/v2\/categories?post=21786"},{"taxonomy":"post_tag","embeddable":true,"href":"https:\/\/www.sudoestehoje.com.br\/novoportal\/wp-json\/wp\/v2\/tags?post=21786"}],"curies":[{"name":"wp","href":"https:\/\/api.w.org\/{rel}","templated":true}]}}