
{"id":21782,"date":"2012-11-01T22:11:57","date_gmt":"2012-11-02T01:11:57","guid":{"rendered":"http:\/\/www.sudoestehoje.com.br\/novoportal\/?p=21782"},"modified":"2012-11-01T22:11:57","modified_gmt":"2012-11-02T01:11:57","slug":"leonelli-e-acusado-de-agredir-jornalista-da-bahiatursa","status":"publish","type":"post","link":"https:\/\/www.sudoestehoje.com.br\/novoportal\/2012\/11\/01\/leonelli-e-acusado-de-agredir-jornalista-da-bahiatursa\/","title":{"rendered":"LEONELLI \u00c9 ACUSADO DE AGREDIR JORNALISTA DA BAHIATURSA"},"content":{"rendered":"<p><img decoding=\"async\" class=\"aligncenter\" src=\"http:\/\/www.bahiatododia.com.br\/spn-admin\/midias\/imagens\/artigos\/23357_Domingos-Leonelli_2.jpg\" alt=\"\" width=\"400\" \/><\/p>\n<p>&nbsp;<\/p>\n<p>O secret\u00e1rio estadual de Turismo, Domingos Leonelli, arrastou pelo bra\u00e7o a jornalista chefe da Bahiatursa, Bruna Santana, durante a Feira de Turismo das Am\u00e9ricas (Abav), no Rio de Janeiro. A profissional estava a servi\u00e7o da empresa no estande da Bahia e foi sacudida pelo secret\u00e1rio, que ainda gritou com ela.<\/p>\n<p>Segundo testemunhas, a jornalista ficou acuada e n\u00e3o reagiu por ter ficado surpresa com a rea\u00e7\u00e3o de Leonelli, que \u00e9 tamb\u00e9m presidente da Bahiatursa. O gestor teria se irritado com a jornalista por ela n\u00e3o atend\u00ea-lo imediatamente.<\/p>\n<p>Posteriormente, Leonelli tentou diminuir o mal estar causado pelo epis\u00f3dio com uma reuni\u00e3o entre os funcion\u00e1rios que participaram do evento. No entanto, a v\u00edtima da agress\u00e3o n\u00e3o esteve presente, e solicitou f\u00e9rias. BN<\/p>\n","protected":false},"excerpt":{"rendered":"<p>&nbsp; O secret\u00e1rio estadual de Turismo, Domingos Leonelli, arrastou pelo bra\u00e7o a jornalista chefe da Bahiatursa, Bruna Santana, durante a Feira de Turismo das Am\u00e9ricas (Abav), no Rio de Janeiro. A profissional estava a servi\u00e7o da empresa no estande da Bahia e foi sacudida pelo secret\u00e1rio, que ainda gritou com ela. Segundo testemunhas, a jornalista [&hellip;]<\/p>\n","protected":false},"author":2,"featured_media":0,"comment_status":"open","ping_status":"open","sticky":false,"template":"","format":"standard","meta":{"footnotes":"","_links_to":"","_links_to_target":""},"categories":[1],"tags":[],"class_list":["post-21782","post","type-post","status-publish","format-standard","hentry","category-geral"],"views":1240,"_links":{"self":[{"href":"https:\/\/www.sudoestehoje.com.br\/novoportal\/wp-json\/wp\/v2\/posts\/21782","targetHints":{"allow":["GET"]}}],"collection":[{"href":"https:\/\/www.sudoestehoje.com.br\/novoportal\/wp-json\/wp\/v2\/posts"}],"about":[{"href":"https:\/\/www.sudoestehoje.com.br\/novoportal\/wp-json\/wp\/v2\/types\/post"}],"author":[{"embeddable":true,"href":"https:\/\/www.sudoestehoje.com.br\/novoportal\/wp-json\/wp\/v2\/users\/2"}],"replies":[{"embeddable":true,"href":"https:\/\/www.sudoestehoje.com.br\/novoportal\/wp-json\/wp\/v2\/comments?post=21782"}],"version-history":[{"count":3,"href":"https:\/\/www.sudoestehoje.com.br\/novoportal\/wp-json\/wp\/v2\/posts\/21782\/revisions"}],"predecessor-version":[{"id":21785,"href":"https:\/\/www.sudoestehoje.com.br\/novoportal\/wp-json\/wp\/v2\/posts\/21782\/revisions\/21785"}],"wp:attachment":[{"href":"https:\/\/www.sudoestehoje.com.br\/novoportal\/wp-json\/wp\/v2\/media?parent=21782"}],"wp:term":[{"taxonomy":"category","embeddable":true,"href":"https:\/\/www.sudoestehoje.com.br\/novoportal\/wp-json\/wp\/v2\/categories?post=21782"},{"taxonomy":"post_tag","embeddable":true,"href":"https:\/\/www.sudoestehoje.com.br\/novoportal\/wp-json\/wp\/v2\/tags?post=21782"}],"curies":[{"name":"wp","href":"https:\/\/api.w.org\/{rel}","templated":true}]}}