
{"id":21777,"date":"2012-11-01T21:59:54","date_gmt":"2012-11-02T00:59:54","guid":{"rendered":"http:\/\/www.sudoestehoje.com.br\/novoportal\/?p=21777"},"modified":"2012-11-01T21:59:54","modified_gmt":"2012-11-02T00:59:54","slug":"candidatos-tem-ate-terca-para-fazer-prestacao-de-contas-de-campanha","status":"publish","type":"post","link":"https:\/\/www.sudoestehoje.com.br\/novoportal\/2012\/11\/01\/candidatos-tem-ate-terca-para-fazer-prestacao-de-contas-de-campanha\/","title":{"rendered":"CANDIDATOS T\u00caM AT\u00c9 TER\u00c7A PARA FAZER PRESTA\u00c7\u00c3O DE CONTAS DE CAMPANHA"},"content":{"rendered":"<p style=\"text-align: center;\"><img decoding=\"async\" class=\"aligncenter\" src=\"http:\/\/www.msrecord.com.br\/upload\/noticia\/1346587527.jpg\" alt=\"\" width=\"400\" \/><\/p>\n<p>&nbsp;<\/p>\n<p>Os candidatos a prefeito e vereador em 2012 t\u00eam at\u00e9 a pr\u00f3xima ter\u00e7a, dia 6, para prestar fazer presta\u00e7\u00e3o de contas finais de campanha \u00e0 Justi\u00e7a Eleitoral. De acordo com resolu\u00e7\u00e3o do Tribunal Superior Eleitoral, o prazo vale tamb\u00e9m para os comit\u00eas financeiros e os partidos e se aplica para quem encerrou campanha em primeiro turno.<\/p>\n<p>Quem n\u00e3o fizer presta\u00e7\u00e3o de contas no prazo ficar\u00e1 sem certid\u00e3o de quita\u00e7\u00e3o eleitoral e corre risco de ficar impedido de obter registro de candidatura em novos pleitos. J\u00e1 no do candidato eleito que n\u00e3o prestar contas, o risco \u00e9 n\u00e3o poder ser diplomado.<\/p>\n<p>O prazo de presta\u00e7\u00e3o de contas \u00e9 outro para os cem candidatos a prefeito que disputaram segundo turno em todo o pa\u00eds. Para estes, a data final \u00e9 27 de novembro. Est\u00e3o nesta situa\u00e7\u00e3o ACM Neto e Pelegrino, em Salvador, e Herzem Gusm\u00e3o e Guilherme Menezes em Conquista.<\/p>\n","protected":false},"excerpt":{"rendered":"<p>&nbsp; Os candidatos a prefeito e vereador em 2012 t\u00eam at\u00e9 a pr\u00f3xima ter\u00e7a, dia 6, para prestar fazer presta\u00e7\u00e3o de contas finais de campanha \u00e0 Justi\u00e7a Eleitoral. De acordo com resolu\u00e7\u00e3o do Tribunal Superior Eleitoral, o prazo vale tamb\u00e9m para os comit\u00eas financeiros e os partidos e se aplica para quem encerrou campanha em [&hellip;]<\/p>\n","protected":false},"author":2,"featured_media":0,"comment_status":"open","ping_status":"open","sticky":false,"template":"","format":"standard","meta":{"footnotes":"","_links_to":"","_links_to_target":""},"categories":[1],"tags":[],"class_list":["post-21777","post","type-post","status-publish","format-standard","hentry","category-geral"],"views":1163,"_links":{"self":[{"href":"https:\/\/www.sudoestehoje.com.br\/novoportal\/wp-json\/wp\/v2\/posts\/21777","targetHints":{"allow":["GET"]}}],"collection":[{"href":"https:\/\/www.sudoestehoje.com.br\/novoportal\/wp-json\/wp\/v2\/posts"}],"about":[{"href":"https:\/\/www.sudoestehoje.com.br\/novoportal\/wp-json\/wp\/v2\/types\/post"}],"author":[{"embeddable":true,"href":"https:\/\/www.sudoestehoje.com.br\/novoportal\/wp-json\/wp\/v2\/users\/2"}],"replies":[{"embeddable":true,"href":"https:\/\/www.sudoestehoje.com.br\/novoportal\/wp-json\/wp\/v2\/comments?post=21777"}],"version-history":[{"count":4,"href":"https:\/\/www.sudoestehoje.com.br\/novoportal\/wp-json\/wp\/v2\/posts\/21777\/revisions"}],"predecessor-version":[{"id":21781,"href":"https:\/\/www.sudoestehoje.com.br\/novoportal\/wp-json\/wp\/v2\/posts\/21777\/revisions\/21781"}],"wp:attachment":[{"href":"https:\/\/www.sudoestehoje.com.br\/novoportal\/wp-json\/wp\/v2\/media?parent=21777"}],"wp:term":[{"taxonomy":"category","embeddable":true,"href":"https:\/\/www.sudoestehoje.com.br\/novoportal\/wp-json\/wp\/v2\/categories?post=21777"},{"taxonomy":"post_tag","embeddable":true,"href":"https:\/\/www.sudoestehoje.com.br\/novoportal\/wp-json\/wp\/v2\/tags?post=21777"}],"curies":[{"name":"wp","href":"https:\/\/api.w.org\/{rel}","templated":true}]}}