
{"id":21773,"date":"2012-11-01T19:38:45","date_gmt":"2012-11-01T22:38:45","guid":{"rendered":"http:\/\/www.sudoestehoje.com.br\/novoportal\/?p=21773"},"modified":"2012-11-01T19:38:45","modified_gmt":"2012-11-01T22:38:45","slug":"enem-candidatos-da-bahia-devem-chegar-uma-hora-mais-cedo","status":"publish","type":"post","link":"https:\/\/www.sudoestehoje.com.br\/novoportal\/2012\/11\/01\/enem-candidatos-da-bahia-devem-chegar-uma-hora-mais-cedo\/","title":{"rendered":"ENEM: CANDIDATOS DA BAHIA DEVEM CHEGAR UMA HORA MAIS CEDO"},"content":{"rendered":"<p><img decoding=\"async\" class=\"aligncenter\" src=\"http:\/\/blogdoenem.com.br\/wp-content\/uploads\/2012\/10\/Enem-2012-3.jpg\" alt=\"\" width=\"400\" \/><\/p>\n<p>&nbsp;<\/p>\n<p>Os estudantes que v\u00e3o fazer o Exame Nacional do Ensino M\u00e9dio (Enem) neste final de semana devem ficar atentos: os port\u00f5es de acesso ser\u00e3o abertos \u00e0s 12h no hor\u00e1rio de Bras\u00edlia, e fechados \u00e0s 13h.\u00a0Na Bahia, que est\u00e1 fora do Hor\u00e1rio de Ver\u00e3o, os port\u00f5es ser\u00e3o abertos uma hora mais cedo, \u00e0s 11h, e fechados \u00e0s 12h.<\/p>\n<p>Quem n\u00e3o recebeu o cart\u00e3o de confirma\u00e7\u00e3o pode conferir o local de prova e imprimir o seu cart\u00e3o no portal do Instituto Nacional de Estudos e Pesquisas Educacionais (Inep) \u2014 www.inep.gov.br.<\/p>\n<p>No s\u00e1bado, os candidatos far\u00e3o as quest\u00f5es de Ci\u00eancias Humanas e suas Tecnologias e Ci\u00eancias da Natureza e suas Tecnologias. J\u00e1 no domingo, Linguagens, C\u00f3digos e suas Tecnologias, Reda\u00e7\u00e3o e Matem\u00e1tica e suas Tecnologias.<\/p>\n<p><strong>Correio<\/strong><\/p>\n","protected":false},"excerpt":{"rendered":"<p>&nbsp; Os estudantes que v\u00e3o fazer o Exame Nacional do Ensino M\u00e9dio (Enem) neste final de semana devem ficar atentos: os port\u00f5es de acesso ser\u00e3o abertos \u00e0s 12h no hor\u00e1rio de Bras\u00edlia, e fechados \u00e0s 13h.\u00a0Na Bahia, que est\u00e1 fora do Hor\u00e1rio de Ver\u00e3o, os port\u00f5es ser\u00e3o abertos uma hora mais cedo, \u00e0s 11h, e [&hellip;]<\/p>\n","protected":false},"author":2,"featured_media":0,"comment_status":"open","ping_status":"open","sticky":false,"template":"","format":"standard","meta":{"footnotes":"","_links_to":"","_links_to_target":""},"categories":[1],"tags":[],"class_list":["post-21773","post","type-post","status-publish","format-standard","hentry","category-geral"],"views":1078,"_links":{"self":[{"href":"https:\/\/www.sudoestehoje.com.br\/novoportal\/wp-json\/wp\/v2\/posts\/21773","targetHints":{"allow":["GET"]}}],"collection":[{"href":"https:\/\/www.sudoestehoje.com.br\/novoportal\/wp-json\/wp\/v2\/posts"}],"about":[{"href":"https:\/\/www.sudoestehoje.com.br\/novoportal\/wp-json\/wp\/v2\/types\/post"}],"author":[{"embeddable":true,"href":"https:\/\/www.sudoestehoje.com.br\/novoportal\/wp-json\/wp\/v2\/users\/2"}],"replies":[{"embeddable":true,"href":"https:\/\/www.sudoestehoje.com.br\/novoportal\/wp-json\/wp\/v2\/comments?post=21773"}],"version-history":[{"count":3,"href":"https:\/\/www.sudoestehoje.com.br\/novoportal\/wp-json\/wp\/v2\/posts\/21773\/revisions"}],"predecessor-version":[{"id":21776,"href":"https:\/\/www.sudoestehoje.com.br\/novoportal\/wp-json\/wp\/v2\/posts\/21773\/revisions\/21776"}],"wp:attachment":[{"href":"https:\/\/www.sudoestehoje.com.br\/novoportal\/wp-json\/wp\/v2\/media?parent=21773"}],"wp:term":[{"taxonomy":"category","embeddable":true,"href":"https:\/\/www.sudoestehoje.com.br\/novoportal\/wp-json\/wp\/v2\/categories?post=21773"},{"taxonomy":"post_tag","embeddable":true,"href":"https:\/\/www.sudoestehoje.com.br\/novoportal\/wp-json\/wp\/v2\/tags?post=21773"}],"curies":[{"name":"wp","href":"https:\/\/api.w.org\/{rel}","templated":true}]}}