
{"id":21768,"date":"2012-11-01T17:21:56","date_gmt":"2012-11-01T20:21:56","guid":{"rendered":"http:\/\/www.sudoestehoje.com.br\/novoportal\/?p=21768"},"modified":"2012-11-01T17:21:56","modified_gmt":"2012-11-01T20:21:56","slug":"pt-baiano-se-apavora-com-possibilidade-de-acm-neto-ir-para-o-pmdb","status":"publish","type":"post","link":"https:\/\/www.sudoestehoje.com.br\/novoportal\/2012\/11\/01\/pt-baiano-se-apavora-com-possibilidade-de-acm-neto-ir-para-o-pmdb\/","title":{"rendered":"PT BAIANO SE APAVORA COM POSSIBILIDADE DE ACM NETO IR PARA O PMDB"},"content":{"rendered":"<p><img decoding=\"async\" class=\"aligncenter\" src=\"http:\/\/www.esmeraldanoticias.com.br\/wp-content\/uploads\/2012\/10\/IMAGEM_NOTICIA_513-300x221.jpg\" alt=\"\" width=\"400\" \/><\/p>\n<p>&nbsp;<\/p>\n<p><strong><em>Raul Monteiro<\/em><\/strong><\/p>\n<p>Depois da derrota que imp\u00f4s ao time do PT no \u00faltimo domingo, o prefeito eleito de Salvador, ACM Neto (DEM), virou motivo de uma forte\u00a0preocupa\u00e7\u00e3o no partido do governador Jaques Wagner, do ex-candidato Nelson Pelegrino, do ex-presidente Lula e da presidente Dilma Rousseff. Os petistas temem que ACM Neto decida largar o DEM para abra\u00e7ar-se com o PMDB.<\/p>\n<p>A iniciativa, ainda n\u00e3o confirmada por nenhuma das partes, permitiria que o democrata se inclu\u00edsse na base do governo Dilma Rousseff, mas permanecesse na oposi\u00e7\u00e3o ao PT na Bahia, em especial ao governador Jaques Wagner. \u00c9 o mesmo figurino exibido pelo ex-ministro Geddel Vieira Lima, por acaso um dos l\u00edderes do PMDB baiano e um dos aliados de ACM Neto no segundo turno eleitoral.<\/p>\n<p>Com\u00a0a \u201cinclus\u00e3o\u201d na base de Dilma, o\u00a0prefeito eleito\u00a0garantiria interlocu\u00e7\u00e3o ampla\u00a0para lutar por verbas pela capital baiana junto ao governo federal, um modelo em\u00a0que o prefeito Jo\u00e3o Henrique\u00a0pensou quando decidiu ingressar no PMDB do mesmo Geddel e depois no PP de M\u00e1rio Negromonte e Jo\u00e3o Le\u00e3o, ambas legendas da base\u00a0governista federal.<\/p>\n<p>\u201cJ\u00e1 pensou Wagner ganhar mais um advers\u00e1rio declarado\u00a0na Bahia que \u00e9 aliado da presidente Dilma?\u201d,<!--more-->questiona ao\u00a0<strong>Pol\u00edtica Livre<\/strong>\u00a0um petista com acesso livre ao governador, referindo-se explicitamente a Geddel. Para ele,\u00a0o cen\u00e1rio pode\u00a0representar mais uma dificuldade para a movimenta\u00e7\u00e3o do PT e de Wagner em\u00a02014.<\/p>\n<p>Ele confirma que o boato sobre a ida de ACM Neto para o PMDB estaria na base do\u00a0surgimento na imprensa nacional, estimulado pelos petistas,\u00a0de uma sucess\u00e3o de intrigas envolvendo o nome do prefeito eleito, do vice-presidente da Rep\u00fablica, Michel Temer, presidente nacional dos peemedebistas, e da presidente Dilma Rousseff.<\/p>\n<p>Quando ao prefeito eleito,\u00a0o problema\u00a0maior seria justificar\u00a0a nova filia\u00e7\u00e3o\u00a0para a sua\u00a0legenda, o\u00a0DEM, al\u00e9m do aliado PSDB, que investiram o que puderam em sua candidatura \u00e0 Prefeitura\u00a0no segundo turno, mandando para a capital baiana, inclusive,\u00a0alguns de quadros mais importantes, principalmente depois que se evidenciou\u00a0a possibilidade de vit\u00f3ria do PT em S\u00e3o Paulo, como ocorreu.<\/p>\n","protected":false},"excerpt":{"rendered":"<p>&nbsp; Raul Monteiro Depois da derrota que imp\u00f4s ao time do PT no \u00faltimo domingo, o prefeito eleito de Salvador, ACM Neto (DEM), virou motivo de uma forte\u00a0preocupa\u00e7\u00e3o no partido do governador Jaques Wagner, do ex-candidato Nelson Pelegrino, do ex-presidente Lula e da presidente Dilma Rousseff. Os petistas temem que ACM Neto decida largar o [&hellip;]<\/p>\n","protected":false},"author":2,"featured_media":0,"comment_status":"open","ping_status":"open","sticky":false,"template":"","format":"standard","meta":{"footnotes":"","_links_to":"","_links_to_target":""},"categories":[1],"tags":[],"class_list":["post-21768","post","type-post","status-publish","format-standard","hentry","category-geral"],"views":1308,"_links":{"self":[{"href":"https:\/\/www.sudoestehoje.com.br\/novoportal\/wp-json\/wp\/v2\/posts\/21768","targetHints":{"allow":["GET"]}}],"collection":[{"href":"https:\/\/www.sudoestehoje.com.br\/novoportal\/wp-json\/wp\/v2\/posts"}],"about":[{"href":"https:\/\/www.sudoestehoje.com.br\/novoportal\/wp-json\/wp\/v2\/types\/post"}],"author":[{"embeddable":true,"href":"https:\/\/www.sudoestehoje.com.br\/novoportal\/wp-json\/wp\/v2\/users\/2"}],"replies":[{"embeddable":true,"href":"https:\/\/www.sudoestehoje.com.br\/novoportal\/wp-json\/wp\/v2\/comments?post=21768"}],"version-history":[{"count":3,"href":"https:\/\/www.sudoestehoje.com.br\/novoportal\/wp-json\/wp\/v2\/posts\/21768\/revisions"}],"predecessor-version":[{"id":21772,"href":"https:\/\/www.sudoestehoje.com.br\/novoportal\/wp-json\/wp\/v2\/posts\/21768\/revisions\/21772"}],"wp:attachment":[{"href":"https:\/\/www.sudoestehoje.com.br\/novoportal\/wp-json\/wp\/v2\/media?parent=21768"}],"wp:term":[{"taxonomy":"category","embeddable":true,"href":"https:\/\/www.sudoestehoje.com.br\/novoportal\/wp-json\/wp\/v2\/categories?post=21768"},{"taxonomy":"post_tag","embeddable":true,"href":"https:\/\/www.sudoestehoje.com.br\/novoportal\/wp-json\/wp\/v2\/tags?post=21768"}],"curies":[{"name":"wp","href":"https:\/\/api.w.org\/{rel}","templated":true}]}}