
{"id":21762,"date":"2012-11-01T01:28:37","date_gmt":"2012-11-01T04:28:37","guid":{"rendered":"http:\/\/www.sudoestehoje.com.br\/novoportal\/?p=21762"},"modified":"2012-11-02T21:43:53","modified_gmt":"2012-11-03T00:43:53","slug":"urgente-vulcabras-azaleia-deve-fechar-todas-as-filiais-ate-dezembro","status":"publish","type":"post","link":"https:\/\/www.sudoestehoje.com.br\/novoportal\/2012\/11\/01\/urgente-vulcabras-azaleia-deve-fechar-todas-as-filiais-ate-dezembro\/","title":{"rendered":"URGENTE! VULCABRAS AZAL\u00c9IA PODE FECHAR TODAS AS FILIAIS AT\u00c9 DEZEMBRO"},"content":{"rendered":"<p style=\"text-align: center;\"><img decoding=\"async\" class=\"aligncenter\" src=\"http:\/\/www.correio24horas.com.br\/fileadmin\/user_upload\/tt_news\/Luciana_Diniz\/EMPRESA.jpg\" alt=\"\" width=\"400\" \/><\/p>\n<p style=\"text-align: center;\"><em>Azaleia pode estar com os dias contados em Itapetinga e regi\u00e3o\u00a0<\/em><\/p>\n<p>&nbsp;<\/p>\n<p>ITAPETINGA: Voltam a circular, nos meios produtivos de Itapetinga e regi\u00e3o, rumores sobre a poss\u00edvel desativa\u00e7\u00e3o de todas as filiais da ind\u00fastria de cal\u00e7ados Vulcabras Azal\u00e9ia, como parte do plano da empresa para sair definitivamente da Bahia.<\/p>\n<p>Essa possibilidade j\u00e1 vem sendo discutida, com muita preocupa\u00e7\u00e3o, por algumas institui\u00e7\u00f5es ligadas ao com\u00e9rcio local e \u00e0 sociedade civil organizada, que pretendem levar o problema ao conhecimento do Governo Federal, dada a falta de interesse dos pol\u00edticos locais e do Governo do Estado.<\/p>\n<p>A inten\u00e7\u00e3o da dire\u00e7\u00e3o da Azaleia \u00e9 fechar, ainda este ano, o restante das filiais mantidas na regi\u00e3o, com a demiss\u00e3o em massa de cerca de 6 mil funcion\u00e1rios, o que poder\u00e1 representar uma verdadeira cat\u00e1strofe para Itapetinga e regi\u00e3o.<\/p>\n<p>O pr\u00f3ximo passo, segundo fontes ligadas \u00e0 ind\u00fastria, seria o fechamento definitivo da f\u00e1brica em Itapetinga, no prazo m\u00e1ximo de um ano, com a demiss\u00e3o de todos os colaboradores, o que mergulharia a cidade em uma crise econ\u00f4mica e social sem precedentes.<\/p>\n<p>A ind\u00fastria, que j\u00e1 teve 22 mil funcion\u00e1rios, conta hoje com cerca de 12 mil e pode chegar a apanas 6 mil colaboradores, nos pr\u00f3ximos tr\u00eas meses.<\/p>\n<p>Est\u00e1 avisado, a quem interessar possa&#8230;<\/p>\n<p><strong><em>Por DAVI FERRAZ<\/em><\/strong><\/p>\n","protected":false},"excerpt":{"rendered":"<p>Azaleia pode estar com os dias contados em Itapetinga e regi\u00e3o\u00a0 &nbsp; ITAPETINGA: Voltam a circular, nos meios produtivos de Itapetinga e regi\u00e3o, rumores sobre a poss\u00edvel desativa\u00e7\u00e3o de todas as filiais da ind\u00fastria de cal\u00e7ados Vulcabras Azal\u00e9ia, como parte do plano da empresa para sair definitivamente da Bahia. Essa possibilidade j\u00e1 vem sendo discutida, [&hellip;]<\/p>\n","protected":false},"author":2,"featured_media":0,"comment_status":"open","ping_status":"open","sticky":false,"template":"","format":"standard","meta":{"footnotes":"","_links_to":"","_links_to_target":""},"categories":[1],"tags":[],"class_list":["post-21762","post","type-post","status-publish","format-standard","hentry","category-geral"],"views":2558,"_links":{"self":[{"href":"https:\/\/www.sudoestehoje.com.br\/novoportal\/wp-json\/wp\/v2\/posts\/21762","targetHints":{"allow":["GET"]}}],"collection":[{"href":"https:\/\/www.sudoestehoje.com.br\/novoportal\/wp-json\/wp\/v2\/posts"}],"about":[{"href":"https:\/\/www.sudoestehoje.com.br\/novoportal\/wp-json\/wp\/v2\/types\/post"}],"author":[{"embeddable":true,"href":"https:\/\/www.sudoestehoje.com.br\/novoportal\/wp-json\/wp\/v2\/users\/2"}],"replies":[{"embeddable":true,"href":"https:\/\/www.sudoestehoje.com.br\/novoportal\/wp-json\/wp\/v2\/comments?post=21762"}],"version-history":[{"count":6,"href":"https:\/\/www.sudoestehoje.com.br\/novoportal\/wp-json\/wp\/v2\/posts\/21762\/revisions"}],"predecessor-version":[{"id":21767,"href":"https:\/\/www.sudoestehoje.com.br\/novoportal\/wp-json\/wp\/v2\/posts\/21762\/revisions\/21767"}],"wp:attachment":[{"href":"https:\/\/www.sudoestehoje.com.br\/novoportal\/wp-json\/wp\/v2\/media?parent=21762"}],"wp:term":[{"taxonomy":"category","embeddable":true,"href":"https:\/\/www.sudoestehoje.com.br\/novoportal\/wp-json\/wp\/v2\/categories?post=21762"},{"taxonomy":"post_tag","embeddable":true,"href":"https:\/\/www.sudoestehoje.com.br\/novoportal\/wp-json\/wp\/v2\/tags?post=21762"}],"curies":[{"name":"wp","href":"https:\/\/api.w.org\/{rel}","templated":true}]}}