
{"id":21742,"date":"2012-10-29T22:34:54","date_gmt":"2012-10-30T01:34:54","guid":{"rendered":"http:\/\/www.sudoestehoje.com.br\/novoportal\/?p=21742"},"modified":"2012-10-29T22:36:50","modified_gmt":"2012-10-30T01:36:50","slug":"acm-neto-nao-deu-surra-em-lula-mas-bateu-em-pellegrino-nas-urnas","status":"publish","type":"post","link":"https:\/\/www.sudoestehoje.com.br\/novoportal\/2012\/10\/29\/acm-neto-nao-deu-surra-em-lula-mas-bateu-em-pellegrino-nas-urnas\/","title":{"rendered":"ACM NETO N\u00c3O DEU SURRA EM LULA, MAS BATEU EM PELLEGRINO NAS URNAS"},"content":{"rendered":"<p><img decoding=\"async\" class=\"aligncenter\" src=\"http:\/\/www.metro1.com.br\/uploads\/imagens\/blog\/IMG_1340056186.jpg\" alt=\"\" width=\"400\" \/><\/p>\n<p>&nbsp;<\/p>\n<p>O PT n\u00e3o soube administrar o\u00a0crescimento nas pesquisas no primeiro turno em Salvador, ignorando que chegou como um azar\u00e3o no segundo turno.\u00a0A campanha petista\u00a0declinou\u00a0nos\u00a0\u00faltimos\u00a0dias do pleito quando\u00a0subestimou\u00a0o advers\u00e1rio confundindo a baixa estatura do oponente com sua capacidade de argumentar e expor suas ret\u00f3ricas.<\/p>\n<p>Vacil\u00e3o, o PT simplesmente esqueceu de discutir os problemas da capital para falar mal do oponente comparando-o com o av\u00f4 falecido, ACM, julgando como algo negativo, mesmo sabendo que o povo baiano elegeu o velho &#8220;malvadeza&#8221; para deputado, senador, governador in\u00fameras vezes.<\/p>\n<p>O PT abriu a tumba e conseguiu\u00a0ressuscitar\u00a0o cl\u00e3 carlista, agora ter\u00e1 trabalho para segurar o governo do estado. ACM Neto, que \u00a0amea\u00e7ou dar uma surra em Lula, ent\u00e3o presidente, deu uns tabefes em Wagner e Nelson Pellegrino nas urnas.<\/p>\n<p><strong><em>O Chumbo Grosso<\/em><\/strong><\/p>\n","protected":false},"excerpt":{"rendered":"<p>&nbsp; O PT n\u00e3o soube administrar o\u00a0crescimento nas pesquisas no primeiro turno em Salvador, ignorando que chegou como um azar\u00e3o no segundo turno.\u00a0A campanha petista\u00a0declinou\u00a0nos\u00a0\u00faltimos\u00a0dias do pleito quando\u00a0subestimou\u00a0o advers\u00e1rio confundindo a baixa estatura do oponente com sua capacidade de argumentar e expor suas ret\u00f3ricas. Vacil\u00e3o, o PT simplesmente esqueceu de discutir os problemas da capital [&hellip;]<\/p>\n","protected":false},"author":2,"featured_media":0,"comment_status":"open","ping_status":"open","sticky":false,"template":"","format":"standard","meta":{"footnotes":"","_links_to":"","_links_to_target":""},"categories":[1],"tags":[],"class_list":["post-21742","post","type-post","status-publish","format-standard","hentry","category-geral"],"views":1513,"_links":{"self":[{"href":"https:\/\/www.sudoestehoje.com.br\/novoportal\/wp-json\/wp\/v2\/posts\/21742","targetHints":{"allow":["GET"]}}],"collection":[{"href":"https:\/\/www.sudoestehoje.com.br\/novoportal\/wp-json\/wp\/v2\/posts"}],"about":[{"href":"https:\/\/www.sudoestehoje.com.br\/novoportal\/wp-json\/wp\/v2\/types\/post"}],"author":[{"embeddable":true,"href":"https:\/\/www.sudoestehoje.com.br\/novoportal\/wp-json\/wp\/v2\/users\/2"}],"replies":[{"embeddable":true,"href":"https:\/\/www.sudoestehoje.com.br\/novoportal\/wp-json\/wp\/v2\/comments?post=21742"}],"version-history":[{"count":7,"href":"https:\/\/www.sudoestehoje.com.br\/novoportal\/wp-json\/wp\/v2\/posts\/21742\/revisions"}],"predecessor-version":[{"id":21748,"href":"https:\/\/www.sudoestehoje.com.br\/novoportal\/wp-json\/wp\/v2\/posts\/21742\/revisions\/21748"}],"wp:attachment":[{"href":"https:\/\/www.sudoestehoje.com.br\/novoportal\/wp-json\/wp\/v2\/media?parent=21742"}],"wp:term":[{"taxonomy":"category","embeddable":true,"href":"https:\/\/www.sudoestehoje.com.br\/novoportal\/wp-json\/wp\/v2\/categories?post=21742"},{"taxonomy":"post_tag","embeddable":true,"href":"https:\/\/www.sudoestehoje.com.br\/novoportal\/wp-json\/wp\/v2\/tags?post=21742"}],"curies":[{"name":"wp","href":"https:\/\/api.w.org\/{rel}","templated":true}]}}