
{"id":21733,"date":"2012-10-29T21:30:06","date_gmt":"2012-10-30T00:30:06","guid":{"rendered":"http:\/\/www.sudoestehoje.com.br\/novoportal\/?p=21733"},"modified":"2012-10-29T21:36:02","modified_gmt":"2012-10-30T00:36:02","slug":"camara-municipal-de-itapetinga-realizara-concurso-publico","status":"publish","type":"post","link":"https:\/\/www.sudoestehoje.com.br\/novoportal\/2012\/10\/29\/camara-municipal-de-itapetinga-realizara-concurso-publico\/","title":{"rendered":"C\u00c2MARA MUNICIPAL DE ITAPETINGA REALIZAR\u00c1 CONCURSO P\u00daBLICO"},"content":{"rendered":"<p><img decoding=\"async\" class=\"aligncenter\" src=\"http:\/\/www.souzaandrade.com.br\/site\/images\/stories\/2012\/novembro\/concursouesb2012out.jpg\" alt=\"\" width=\"400\" \/><\/p>\n<p>&nbsp;<\/p>\n<p>Foi publicado no Di\u00e1rio Oficial do Legislativo Municipal (n\u00ba 179), nesta segunda\u2013feira,\u00a0o Edital para concurso p\u00fablico na C\u00e2mara de Vereadores\u00a0de Itapetinga. Segundo o Edital, as inscri\u00e7\u00f5es ter\u00e3o in\u00edcio nesta ter\u00e7a\u2013feira (30), \u00e0s 08 horas, encerrando \u00e0s 23:59h do dia 07 de novembro, hor\u00e1rio oficial de Bras\u00edlia ( hor\u00e1rio de ver\u00e3o).\u00a0As inscri\u00e7\u00f5es para o Concurso ser\u00e3o realizadas somente via internet, acessando o site da\u00a0<a href=\"http:\/\/www.itapetinganews.com\/site\/?sessao=noticia_ver&amp;id=6068#\" rel=\"nofollow\">empresa<\/a>\u00a0realizadora do concurso\u00a0<a href=\"http:\/\/www.aocp.com.br\/\">www.aocp.com.br<\/a><\/p>\n<p><strong><a href=\"http:\/\/www.camara.itapetinga.ba.io.org.br\/diarioOficial\/download\/388\/179\/0\" target=\"_blank\">Para te acesso ao edital clique aqui.<\/a><\/strong><\/p>\n<p>&nbsp;<\/p>\n","protected":false},"excerpt":{"rendered":"<p>&nbsp; Foi publicado no Di\u00e1rio Oficial do Legislativo Municipal (n\u00ba 179), nesta segunda\u2013feira,\u00a0o Edital para concurso p\u00fablico na C\u00e2mara de Vereadores\u00a0de Itapetinga. Segundo o Edital, as inscri\u00e7\u00f5es ter\u00e3o in\u00edcio nesta ter\u00e7a\u2013feira (30), \u00e0s 08 horas, encerrando \u00e0s 23:59h do dia 07 de novembro, hor\u00e1rio oficial de Bras\u00edlia ( hor\u00e1rio de ver\u00e3o).\u00a0As inscri\u00e7\u00f5es para o Concurso [&hellip;]<\/p>\n","protected":false},"author":2,"featured_media":0,"comment_status":"open","ping_status":"open","sticky":false,"template":"","format":"standard","meta":{"footnotes":"","_links_to":"","_links_to_target":""},"categories":[1],"tags":[],"class_list":["post-21733","post","type-post","status-publish","format-standard","hentry","category-geral"],"views":1576,"_links":{"self":[{"href":"https:\/\/www.sudoestehoje.com.br\/novoportal\/wp-json\/wp\/v2\/posts\/21733","targetHints":{"allow":["GET"]}}],"collection":[{"href":"https:\/\/www.sudoestehoje.com.br\/novoportal\/wp-json\/wp\/v2\/posts"}],"about":[{"href":"https:\/\/www.sudoestehoje.com.br\/novoportal\/wp-json\/wp\/v2\/types\/post"}],"author":[{"embeddable":true,"href":"https:\/\/www.sudoestehoje.com.br\/novoportal\/wp-json\/wp\/v2\/users\/2"}],"replies":[{"embeddable":true,"href":"https:\/\/www.sudoestehoje.com.br\/novoportal\/wp-json\/wp\/v2\/comments?post=21733"}],"version-history":[{"count":8,"href":"https:\/\/www.sudoestehoje.com.br\/novoportal\/wp-json\/wp\/v2\/posts\/21733\/revisions"}],"predecessor-version":[{"id":21738,"href":"https:\/\/www.sudoestehoje.com.br\/novoportal\/wp-json\/wp\/v2\/posts\/21733\/revisions\/21738"}],"wp:attachment":[{"href":"https:\/\/www.sudoestehoje.com.br\/novoportal\/wp-json\/wp\/v2\/media?parent=21733"}],"wp:term":[{"taxonomy":"category","embeddable":true,"href":"https:\/\/www.sudoestehoje.com.br\/novoportal\/wp-json\/wp\/v2\/categories?post=21733"},{"taxonomy":"post_tag","embeddable":true,"href":"https:\/\/www.sudoestehoje.com.br\/novoportal\/wp-json\/wp\/v2\/tags?post=21733"}],"curies":[{"name":"wp","href":"https:\/\/api.w.org\/{rel}","templated":true}]}}