
{"id":21722,"date":"2012-10-29T19:50:05","date_gmt":"2012-10-29T22:50:05","guid":{"rendered":"http:\/\/www.sudoestehoje.com.br\/novoportal\/?p=21722"},"modified":"2012-10-29T19:51:04","modified_gmt":"2012-10-29T22:51:04","slug":"sobrou-para-os-come-feiras","status":"publish","type":"post","link":"https:\/\/www.sudoestehoje.com.br\/novoportal\/2012\/10\/29\/sobrou-para-os-come-feiras\/","title":{"rendered":"SOBROU MESMO PARA OS &#8220;COME-FEIRAS&#8221;"},"content":{"rendered":"<p style=\"text-align: center;\"><a href=\"http:\/\/www.sudoestehoje.com.br\/novoportal\/wp-content\/uploads\/2012\/10\/imagesd-horz1.jpg\"><img decoding=\"async\" class=\"aligncenter  wp-image-21723\" title=\"imagesd-horz\" src=\"http:\/\/www.sudoestehoje.com.br\/novoportal\/wp-content\/uploads\/2012\/10\/imagesd-horz1.jpg\" alt=\"\" width=\"400\" \/><\/a><\/p>\n<p>&nbsp;<\/p>\n<p>Depois da farra eleitoral, quando a prefeitura contratou e terceirizou servidores para atuarem como cabos eleitorais, parece que o desmonte da m\u00e1quina j\u00e1 est\u00e1 come\u00e7ando. Sob o pretexto de &#8220;ajustar as contas&#8221;, esses contratados e j\u00e1 v\u00eam sendo demitidos, \u00e0 conta gotas, para n\u00e3o fazer estardalha\u00e7o, sob a promessa de que retornam a partir de janeiro.<\/p>\n<p>Como j\u00e1 hav\u00edamos previsto, cortes nas gordas comiss\u00f5es de cargos de confian\u00e7a tamb\u00e9m j\u00e1 est\u00e3o sendo realizados, para &#8216;aliviar&#8217; as finan\u00e7as municipais, o que j\u00e1 est\u00e1 gerando a maior &#8216;chiadeira&#8217;, pois atingem os que sempre se acharam imunes a esses ajustes, por se considerarem merecedores de tratamento &#8216;vip&#8217;, por parte do prefeito. Por que raz\u00e3o, s\u00f3 eles sabem.<\/p>\n<p>O fato \u00e9 que a prefeitura de Itapetinga est\u00e1 literalmente quebrada e precisa pisar no freio da gastan\u00e7a, para n\u00e3o inviabilizar de vez. Embora necess\u00e1rias, as medidas adotadas pelo prefeito s\u00e3o in\u00f3cuas, pois n\u00e3o atingem o &#8216;n\u00f3&#8217; da quest\u00e3o, que \u00e9 muito mais profundo e complicado. O r\u00e1pido enriquecimento de assessores e secret\u00e1rios municipais, que ostentam condi\u00e7\u00e3o econ\u00f4mica incompat\u00edvel com os sal\u00e1rios que percebem, desafiam a intelig\u00eancia de n\u00f3s mortais e arrombam, sem pena nem d\u00f3, com as finan\u00e7as municipais. \u00c9 essa torneira que precisa ser fechada.<\/p>\n<p>Se o prefeito quer mesmo equilibrar as contras municipais, que fa\u00e7a ent\u00e3o uma profunda reforma administrativa, demitindo os sangue-sugas que o cercam e nomeando gente honesta e competente, a bem do servi\u00e7o p\u00fablico. Se assim n\u00e3o proceder, demonstra que \u00e9 ref\u00e9m, ou at\u00e9 mesmo conivente com esse perverso esquema.<\/p>\n<p>Z\u00e9 Carlos, pelo que fez e deixou de fazer, merecia ter perdido a elei\u00e7\u00e3o, mas o eleitorado sem mem\u00f3ria, ju\u00edzo e consci\u00eancia, resolveu lhe dar mais uma oportunidade. Que fa\u00e7a, ent\u00e3o, por merecer.<\/p>\n<p><em><strong>Por Davi Ferraz\u00a0<\/strong><\/em><\/p>\n","protected":false},"excerpt":{"rendered":"<p>&nbsp; Depois da farra eleitoral, quando a prefeitura contratou e terceirizou servidores para atuarem como cabos eleitorais, parece que o desmonte da m\u00e1quina j\u00e1 est\u00e1 come\u00e7ando. Sob o pretexto de &#8220;ajustar as contas&#8221;, esses contratados e j\u00e1 v\u00eam sendo demitidos, \u00e0 conta gotas, para n\u00e3o fazer estardalha\u00e7o, sob a promessa de que retornam a partir [&hellip;]<\/p>\n","protected":false},"author":2,"featured_media":0,"comment_status":"open","ping_status":"open","sticky":false,"template":"","format":"standard","meta":{"footnotes":"","_links_to":"","_links_to_target":""},"categories":[1],"tags":[],"class_list":["post-21722","post","type-post","status-publish","format-standard","hentry","category-geral"],"views":1634,"_links":{"self":[{"href":"https:\/\/www.sudoestehoje.com.br\/novoportal\/wp-json\/wp\/v2\/posts\/21722","targetHints":{"allow":["GET"]}}],"collection":[{"href":"https:\/\/www.sudoestehoje.com.br\/novoportal\/wp-json\/wp\/v2\/posts"}],"about":[{"href":"https:\/\/www.sudoestehoje.com.br\/novoportal\/wp-json\/wp\/v2\/types\/post"}],"author":[{"embeddable":true,"href":"https:\/\/www.sudoestehoje.com.br\/novoportal\/wp-json\/wp\/v2\/users\/2"}],"replies":[{"embeddable":true,"href":"https:\/\/www.sudoestehoje.com.br\/novoportal\/wp-json\/wp\/v2\/comments?post=21722"}],"version-history":[{"count":6,"href":"https:\/\/www.sudoestehoje.com.br\/novoportal\/wp-json\/wp\/v2\/posts\/21722\/revisions"}],"predecessor-version":[{"id":21726,"href":"https:\/\/www.sudoestehoje.com.br\/novoportal\/wp-json\/wp\/v2\/posts\/21722\/revisions\/21726"}],"wp:attachment":[{"href":"https:\/\/www.sudoestehoje.com.br\/novoportal\/wp-json\/wp\/v2\/media?parent=21722"}],"wp:term":[{"taxonomy":"category","embeddable":true,"href":"https:\/\/www.sudoestehoje.com.br\/novoportal\/wp-json\/wp\/v2\/categories?post=21722"},{"taxonomy":"post_tag","embeddable":true,"href":"https:\/\/www.sudoestehoje.com.br\/novoportal\/wp-json\/wp\/v2\/tags?post=21722"}],"curies":[{"name":"wp","href":"https:\/\/api.w.org\/{rel}","templated":true}]}}